{"id":9645,"date":"2025-03-02T07:00:53","date_gmt":"2025-03-02T11:00:53","guid":{"rendered":"https:\/\/nazarenonews.com.br\/?p=9645"},"modified":"2025-03-02T13:03:58","modified_gmt":"2025-03-02T17:03:58","slug":"caribus-e-volvo-entram-em-acordo-e-onibus-voltam-a-circular-em-cuiaba","status":"publish","type":"post","link":"https:\/\/nazarenonews.com.br\/index.php\/2025\/03\/02\/caribus-e-volvo-entram-em-acordo-e-onibus-voltam-a-circular-em-cuiaba\/","title":{"rendered":"Caribus e Volvo entram em acordo e \u00f4nibus voltam a circular em Cuiab\u00e1"},"content":{"rendered":"\n<p>A Caribus Transportes, respons\u00e1vel pelo transporte de passageiros da Regi\u00e3o Sul de Cuiab\u00e1, entrou em acordo com o Banco Volvo e, com isso, assegurou a retomada da presta\u00e7\u00e3o de servi\u00e7os \u00e0 popula\u00e7\u00e3o. A concilia\u00e7\u00e3o entre as partes foi realizada na tarde desta sexta-feira (28). A libera\u00e7\u00e3o abrange 31 \u00f4nibus que servem diversas linhas da cidade.<\/p>\n\n\n\n<p>Advogado respons\u00e1vel pela negocia\u00e7\u00e3o, Marco Aur\u00e9lio Mestre Medeiros classificou como positivo o desfecho do caso.<\/p>\n\n\n\n<p>\u201cConseguimos uma importante liminar que assegurou os direitos da empresa e possibilitou a celebra\u00e7\u00e3o de um bom acordo, respeitando a lei e resguardando o direito de milhares de passageiros de terem acesso a um servi\u00e7o de qualidade. A miss\u00e3o, neste caso, foi cumprida\u201d.<\/p>\n\n\n\n<p>Ele explicou que a companhia, que gera mais de 560 empregos diretos e indiretos, tem enfrentado problemas por receber da Prefeitura de Cuiab\u00e1, na gest\u00e3o do ex-prefeito Emanuel Pinheiro (MDB), valores menores que os acordados quando houve a concess\u00e3o das linhas. O montante pago pelo Poder P\u00fablico representa mais da metade das receitas da Caribus.<\/p>\n\n\n\n<p><strong>O caso<\/strong><\/p>\n\n\n\n<p>O acordo entre a empresa e o Banco Volvo se deu ap\u00f3s uma s\u00e9rie de decis\u00f5es judiciais proferidas pela Justi\u00e7a de Mato Grosso. Em 18 de fevereiro, o banco conseguiu a apreens\u00e3o dos ve\u00edculos, decis\u00e3o revertida um dia depois. Na ocasi\u00e3o, al\u00e9m da libera\u00e7\u00e3o dos \u00f4nibus, a Caribus obteve um prazo de 60 dias de blindagem \u00e0 Caribus, per\u00edodo em que a empresa n\u00e3o poderia sofrer nenhuma medida expropriat\u00f3ria.<\/p>\n\n\n\n<p>Com os \u00f4nibus liberados, o banco ingressou com um novo recurso e a decis\u00e3o da Justi\u00e7a foi a de enviar o caso para o n\u00facleo de concilia\u00e7\u00e3o, por conta do impacto social que a apreens\u00e3o dos ve\u00edculos causaria \u00e0 popula\u00e7\u00e3o.<\/p>\n\n\n\n<p>Na avalia\u00e7\u00e3o do jurista, a atua\u00e7\u00e3o do Poder Judici\u00e1rio no epis\u00f3dio foi muito importante para um desfecho positivo para todos os envolvidos. \u201cA possibilidade do devedor sentar numa mesa de negocia\u00e7\u00e3o em forma igualit\u00e1ria ao seu credor, sem sofrer expropria\u00e7\u00e3o, proporciona uma seguran\u00e7a para o empres\u00e1rio, bem como para todos os envolvidos, credor, devedor e toda popula\u00e7\u00e3o cuiabana\u201d.<\/p>\n\n\n\n<p>Gazeta digital<\/p>\n\n\n\n<p><a href=\"http:\/\/www.facebook.com\/sharer.php?u=https:\/\/www.gazetadigital.com.br\/editorias\/judiciario\/caribus-e-volvo-entram-em-acordo-e-onibus-voltam-a-circular-em-cuiaba\/800521\"><\/a><\/p>\n","protected":false},"excerpt":{"rendered":"<p>A Caribus Transportes, respons\u00e1vel pelo transporte de passageiros da Regi\u00e3o Sul de Cuiab\u00e1, entrou em acordo com o Banco Volvo e, com isso, assegurou a retomada da presta\u00e7\u00e3o de servi\u00e7os \u00e0 popula\u00e7\u00e3o. A concilia\u00e7\u00e3o entre as partes foi realizada na tarde desta sexta-feira (28). A libera\u00e7\u00e3o abrange 31 \u00f4nibus que servem diversas linhas da cidade. [&hellip;]<\/p>\n","protected":false},"author":2,"featured_media":9651,"comment_status":"closed","ping_status":"closed","sticky":false,"template":"","format":"standard","meta":{"_monsterinsights_skip_tracking":false,"_monsterinsights_sitenote_active":false,"_monsterinsights_sitenote_note":"","_monsterinsights_sitenote_category":0,"footnotes":""},"categories":[36,1,48],"tags":[],"_links":{"self":[{"href":"https:\/\/nazarenonews.com.br\/index.php\/wp-json\/wp\/v2\/posts\/9645"}],"collection":[{"href":"https:\/\/nazarenonews.com.br\/index.php\/wp-json\/wp\/v2\/posts"}],"about":[{"href":"https:\/\/nazarenonews.com.br\/index.php\/wp-json\/wp\/v2\/types\/post"}],"author":[{"embeddable":true,"href":"https:\/\/nazarenonews.com.br\/index.php\/wp-json\/wp\/v2\/users\/2"}],"replies":[{"embeddable":true,"href":"https:\/\/nazarenonews.com.br\/index.php\/wp-json\/wp\/v2\/comments?post=9645"}],"version-history":[{"count":1,"href":"https:\/\/nazarenonews.com.br\/index.php\/wp-json\/wp\/v2\/posts\/9645\/revisions"}],"predecessor-version":[{"id":9647,"href":"https:\/\/nazarenonews.com.br\/index.php\/wp-json\/wp\/v2\/posts\/9645\/revisions\/9647"}],"wp:featuredmedia":[{"embeddable":true,"href":"https:\/\/nazarenonews.com.br\/index.php\/wp-json\/wp\/v2\/media\/9651"}],"wp:attachment":[{"href":"https:\/\/nazarenonews.com.br\/index.php\/wp-json\/wp\/v2\/media?parent=9645"}],"wp:term":[{"taxonomy":"category","embeddable":true,"href":"https:\/\/nazarenonews.com.br\/index.php\/wp-json\/wp\/v2\/categories?post=9645"},{"taxonomy":"post_tag","embeddable":true,"href":"https:\/\/nazarenonews.com.br\/index.php\/wp-json\/wp\/v2\/tags?post=9645"}],"curies":[{"name":"wp","href":"https:\/\/api.w.org\/{rel}","templated":true}]}}