{"id":9631,"date":"2025-03-01T11:13:48","date_gmt":"2025-03-01T15:13:48","guid":{"rendered":"https:\/\/nazarenonews.com.br\/?p=9631"},"modified":"2025-03-01T11:13:48","modified_gmt":"2025-03-01T15:13:48","slug":"operacao-em-40-presidios-de-mt-termina-com-apreensao-de-mais-de-70-celulares-drogas-e-maquina-de-tatuagem","status":"publish","type":"post","link":"https:\/\/nazarenonews.com.br\/index.php\/2025\/03\/01\/operacao-em-40-presidios-de-mt-termina-com-apreensao-de-mais-de-70-celulares-drogas-e-maquina-de-tatuagem\/","title":{"rendered":"Opera\u00e7\u00e3o em 40 pres\u00eddios de MT termina com apreens\u00e3o de mais de 70 celulares, drogas e m\u00e1quina de tatuagem"},"content":{"rendered":"\n<p>Uma opera\u00e7\u00e3o simult\u00e2nea em 40 unidades prisionais de Mato Grosso terminou com a aprees\u00e3o de 71 celulares, 138 chips de telefonia e 44 carregadores, al\u00e9m de 147 por\u00e7\u00f5es de drogas e uma m\u00e1quina artesanal de tatuagem. A a\u00e7\u00e3o realizada nessa quinta-feira (27) faz parte da Opera\u00e7\u00e3o Toler\u00e2ncia Zero, que ter por objetivo combater o crime organizado no estado.<\/p>\n\n\n\n<p>De acordo com a Secretaria Estadual de Justi\u00e7a (Sejus), a maioria dos materiais apreendidos foi nas unidades da regi\u00e3o Leste.<\/p>\n\n\n\n<p>J\u00e1 na Superintend\u00eancia Regional Oeste, que re\u00fane unidades prisionais como o Centro de Ressocializa\u00e7\u00e3o Industrial Ahmenon Lemos Dantas, de\u00a0<a class=\"\" href=\"https:\/\/g1.globo.com\/mt\/mato-grosso\/cidade\/varzea-grande-mt\/\">V\u00e1rzea Grande<\/a>, o Centro de Deten\u00e7\u00e3o de\u00a0<a class=\"\" href=\"https:\/\/g1.globo.com\/mt\/mato-grosso\/cidade\/tangara-da-serra\/\">Tangar\u00e1 da Serra<\/a>\u00a0e a Penitenci\u00e1ria de\u00a0<a class=\"\" href=\"https:\/\/g1.globo.com\/mt\/mato-grosso\/cidade\/sinop\/\">Sinop<\/a>, foram apreendidos, sete celulares e a m\u00e1quina artesanal de tatuagem.<\/p>\n\n\n\n<p>Conforme o levantamento feito pela secretaria, das 40 unidades vistoriadas, em 31 delas n\u00e3o houve apreens\u00f5es de materiais il\u00edcitos. Na Penitenci\u00e1ria Central do Estado (PCE), em&nbsp;<a class=\"\" href=\"https:\/\/g1.globo.com\/mt\/mato-grosso\/cidade\/cuiaba\/\">Cuiab\u00e1<\/a>, as revistas contaram com a participa\u00e7\u00e3o dos alunos da Academia da Pol\u00edcia Penal que est\u00e3o em forma\u00e7\u00e3o.<\/p>\n\n\n\n<p>Ainda segundo a Sejus, est\u00e3o sendo tomadas medidas de controle interno, de acesso e de aprimoramento da seguran\u00e7a nas unidades prisionais de Mato Grosso.<\/p>\n\n\n\n<p>g1-MT<\/p>\n","protected":false},"excerpt":{"rendered":"<p>Uma opera\u00e7\u00e3o simult\u00e2nea em 40 unidades prisionais de Mato Grosso terminou com a aprees\u00e3o de 71 celulares, 138 chips de telefonia e 44 carregadores, al\u00e9m de 147 por\u00e7\u00f5es de drogas e uma m\u00e1quina artesanal de tatuagem. A a\u00e7\u00e3o realizada nessa quinta-feira (27) faz parte da Opera\u00e7\u00e3o Toler\u00e2ncia Zero, que ter por objetivo combater o crime [&hellip;]<\/p>\n","protected":false},"author":2,"featured_media":9632,"comment_status":"closed","ping_status":"closed","sticky":false,"template":"","format":"standard","meta":{"_monsterinsights_skip_tracking":false,"_monsterinsights_sitenote_active":false,"_monsterinsights_sitenote_note":"","_monsterinsights_sitenote_category":0,"footnotes":""},"categories":[1],"tags":[],"_links":{"self":[{"href":"https:\/\/nazarenonews.com.br\/index.php\/wp-json\/wp\/v2\/posts\/9631"}],"collection":[{"href":"https:\/\/nazarenonews.com.br\/index.php\/wp-json\/wp\/v2\/posts"}],"about":[{"href":"https:\/\/nazarenonews.com.br\/index.php\/wp-json\/wp\/v2\/types\/post"}],"author":[{"embeddable":true,"href":"https:\/\/nazarenonews.com.br\/index.php\/wp-json\/wp\/v2\/users\/2"}],"replies":[{"embeddable":true,"href":"https:\/\/nazarenonews.com.br\/index.php\/wp-json\/wp\/v2\/comments?post=9631"}],"version-history":[{"count":1,"href":"https:\/\/nazarenonews.com.br\/index.php\/wp-json\/wp\/v2\/posts\/9631\/revisions"}],"predecessor-version":[{"id":9633,"href":"https:\/\/nazarenonews.com.br\/index.php\/wp-json\/wp\/v2\/posts\/9631\/revisions\/9633"}],"wp:featuredmedia":[{"embeddable":true,"href":"https:\/\/nazarenonews.com.br\/index.php\/wp-json\/wp\/v2\/media\/9632"}],"wp:attachment":[{"href":"https:\/\/nazarenonews.com.br\/index.php\/wp-json\/wp\/v2\/media?parent=9631"}],"wp:term":[{"taxonomy":"category","embeddable":true,"href":"https:\/\/nazarenonews.com.br\/index.php\/wp-json\/wp\/v2\/categories?post=9631"},{"taxonomy":"post_tag","embeddable":true,"href":"https:\/\/nazarenonews.com.br\/index.php\/wp-json\/wp\/v2\/tags?post=9631"}],"curies":[{"name":"wp","href":"https:\/\/api.w.org\/{rel}","templated":true}]}}