{"id":9620,"date":"2025-02-28T15:32:22","date_gmt":"2025-02-28T19:32:22","guid":{"rendered":"https:\/\/nazarenonews.com.br\/?p=9620"},"modified":"2025-02-28T15:32:22","modified_gmt":"2025-02-28T19:32:22","slug":"transito-no-portao-do-inferno-permanece-liberado-durante-o-feriado-do-carnaval","status":"publish","type":"post","link":"https:\/\/nazarenonews.com.br\/index.php\/2025\/02\/28\/transito-no-portao-do-inferno-permanece-liberado-durante-o-feriado-do-carnaval\/","title":{"rendered":"Tr\u00e2nsito no Port\u00e3o do Inferno permanece liberado durante o feriado do Carnaval"},"content":{"rendered":"\n<p>O tr\u00e2nsito na regi\u00e3o do Port\u00e3o do Inferno, na MT-251, rodovia que liga Cuiab\u00e1 a Chapada dos Guimar\u00e3es, vai permanecer com as duas pistas liberadas durante o feriado de Carnaval.<\/p>\n\n\n\n<p>A Secretaria de Estado de Infraestrutura e Log\u00edstica (Sinfra) informa que n\u00e3o h\u00e1 nenhuma interrup\u00e7\u00e3o programada para esse per\u00edodo, mas que interrup\u00e7\u00f5es imprevistas poder\u00e3o ocorrer em caso de chuvas superiores a 20 mil\u00edmetros, conforme o protocolo de seguran\u00e7a estabelecido para o local.<\/p>\n\n\n\n<p>Durante todo o m\u00eas de fevereiro, o tr\u00e2nsito no Port\u00e3o do Inferno tem permanecido com as duas pistas abertas, exce\u00e7\u00e3o feita a um per\u00edodo de tr\u00eas dias em que foram realizados trabalhos locais e nos casos de chuva.<\/p>\n\n\n\n<p>A Sinfra disponibilizou uma p\u00e1gina atualizada constantemente com informa\u00e7\u00f5es sobre o tr\u00e2nsito no Port\u00e3o do Inferno, imagens de c\u00e2meras e dados da esta\u00e7\u00e3o meteorol\u00f3gica instalada no local.<\/p>\n\n\n\n<p>Tamb\u00e9m est\u00e3o disponibilizados o protocolo de seguran\u00e7a e a portaria com as regras de tr\u00e2nsito, que disciplina quais tipos de ve\u00edculos podem transitar pela MT-251.<\/p>\n\n\n\n<p>Gazeta digital<\/p>\n","protected":false},"excerpt":{"rendered":"<p>O tr\u00e2nsito na regi\u00e3o do Port\u00e3o do Inferno, na MT-251, rodovia que liga Cuiab\u00e1 a Chapada dos Guimar\u00e3es, vai permanecer com as duas pistas liberadas durante o feriado de Carnaval. A Secretaria de Estado de Infraestrutura e Log\u00edstica (Sinfra) informa que n\u00e3o h\u00e1 nenhuma interrup\u00e7\u00e3o programada para esse per\u00edodo, mas que interrup\u00e7\u00f5es imprevistas poder\u00e3o ocorrer [&hellip;]<\/p>\n","protected":false},"author":2,"featured_media":9359,"comment_status":"closed","ping_status":"closed","sticky":false,"template":"","format":"standard","meta":{"_monsterinsights_skip_tracking":false,"_monsterinsights_sitenote_active":false,"_monsterinsights_sitenote_note":"","_monsterinsights_sitenote_category":0,"footnotes":""},"categories":[1,48],"tags":[],"_links":{"self":[{"href":"https:\/\/nazarenonews.com.br\/index.php\/wp-json\/wp\/v2\/posts\/9620"}],"collection":[{"href":"https:\/\/nazarenonews.com.br\/index.php\/wp-json\/wp\/v2\/posts"}],"about":[{"href":"https:\/\/nazarenonews.com.br\/index.php\/wp-json\/wp\/v2\/types\/post"}],"author":[{"embeddable":true,"href":"https:\/\/nazarenonews.com.br\/index.php\/wp-json\/wp\/v2\/users\/2"}],"replies":[{"embeddable":true,"href":"https:\/\/nazarenonews.com.br\/index.php\/wp-json\/wp\/v2\/comments?post=9620"}],"version-history":[{"count":1,"href":"https:\/\/nazarenonews.com.br\/index.php\/wp-json\/wp\/v2\/posts\/9620\/revisions"}],"predecessor-version":[{"id":9621,"href":"https:\/\/nazarenonews.com.br\/index.php\/wp-json\/wp\/v2\/posts\/9620\/revisions\/9621"}],"wp:featuredmedia":[{"embeddable":true,"href":"https:\/\/nazarenonews.com.br\/index.php\/wp-json\/wp\/v2\/media\/9359"}],"wp:attachment":[{"href":"https:\/\/nazarenonews.com.br\/index.php\/wp-json\/wp\/v2\/media?parent=9620"}],"wp:term":[{"taxonomy":"category","embeddable":true,"href":"https:\/\/nazarenonews.com.br\/index.php\/wp-json\/wp\/v2\/categories?post=9620"},{"taxonomy":"post_tag","embeddable":true,"href":"https:\/\/nazarenonews.com.br\/index.php\/wp-json\/wp\/v2\/tags?post=9620"}],"curies":[{"name":"wp","href":"https:\/\/api.w.org\/{rel}","templated":true}]}}