{"id":9617,"date":"2025-02-28T15:28:42","date_gmt":"2025-02-28T19:28:42","guid":{"rendered":"https:\/\/nazarenonews.com.br\/?p=9617"},"modified":"2025-02-28T15:28:42","modified_gmt":"2025-02-28T19:28:42","slug":"motorista-fica-preso-as-ferragens-apos-tombar-caminhao-na-serra-do-cachimbo","status":"publish","type":"post","link":"https:\/\/nazarenonews.com.br\/index.php\/2025\/02\/28\/motorista-fica-preso-as-ferragens-apos-tombar-caminhao-na-serra-do-cachimbo\/","title":{"rendered":"Motorista fica preso \u00e0s ferragens ap\u00f3s tombar caminh\u00e3o na Serra do Cachimbo"},"content":{"rendered":"\n<p>Um homem de 28 anos, que n\u00e3o teve seu nome divulgado, ficou preso as ferragens ap\u00f3s tombar o caminh\u00e3o que conduzia na quinta-feira (27), na BR-163, em Guarant\u00e3 do Norte (a 709,8 km de Cuiab\u00e1).<\/p>\n\n\n\n<p>Segundo informa\u00e7\u00f5es do Corpo de Bombeiros, eles foram acionados para atender uma ocorr\u00eancia na Serra do Cachimbo.<\/p>\n\n\n\n<p>Ao chegar no local, eles encontraram o caminh\u00e3o tombado as margens da rodovia e o condutor preso as ferragens. De imediato foi realizado o trabalho e o desencarceramento da v\u00edtima.<\/p>\n\n\n\n<p>Posteriormente o caminhoneiro que estava consciente foi atendido pela equipe medica de resgate. N\u00e3o h\u00e1 informa\u00e7\u00f5es precisas sobre a din\u00e2mica do acidente.<\/p>\n\n\n\n<p>gazeta digital<\/p>\n","protected":false},"excerpt":{"rendered":"<p>Um homem de 28 anos, que n\u00e3o teve seu nome divulgado, ficou preso as ferragens ap\u00f3s tombar o caminh\u00e3o que conduzia na quinta-feira (27), na BR-163, em Guarant\u00e3 do Norte (a 709,8 km de Cuiab\u00e1). Segundo informa\u00e7\u00f5es do Corpo de Bombeiros, eles foram acionados para atender uma ocorr\u00eancia na Serra do Cachimbo. Ao chegar no [&hellip;]<\/p>\n","protected":false},"author":2,"featured_media":9618,"comment_status":"closed","ping_status":"closed","sticky":false,"template":"","format":"standard","meta":{"_monsterinsights_skip_tracking":false,"_monsterinsights_sitenote_active":false,"_monsterinsights_sitenote_note":"","_monsterinsights_sitenote_category":0,"footnotes":""},"categories":[1],"tags":[],"_links":{"self":[{"href":"https:\/\/nazarenonews.com.br\/index.php\/wp-json\/wp\/v2\/posts\/9617"}],"collection":[{"href":"https:\/\/nazarenonews.com.br\/index.php\/wp-json\/wp\/v2\/posts"}],"about":[{"href":"https:\/\/nazarenonews.com.br\/index.php\/wp-json\/wp\/v2\/types\/post"}],"author":[{"embeddable":true,"href":"https:\/\/nazarenonews.com.br\/index.php\/wp-json\/wp\/v2\/users\/2"}],"replies":[{"embeddable":true,"href":"https:\/\/nazarenonews.com.br\/index.php\/wp-json\/wp\/v2\/comments?post=9617"}],"version-history":[{"count":1,"href":"https:\/\/nazarenonews.com.br\/index.php\/wp-json\/wp\/v2\/posts\/9617\/revisions"}],"predecessor-version":[{"id":9619,"href":"https:\/\/nazarenonews.com.br\/index.php\/wp-json\/wp\/v2\/posts\/9617\/revisions\/9619"}],"wp:featuredmedia":[{"embeddable":true,"href":"https:\/\/nazarenonews.com.br\/index.php\/wp-json\/wp\/v2\/media\/9618"}],"wp:attachment":[{"href":"https:\/\/nazarenonews.com.br\/index.php\/wp-json\/wp\/v2\/media?parent=9617"}],"wp:term":[{"taxonomy":"category","embeddable":true,"href":"https:\/\/nazarenonews.com.br\/index.php\/wp-json\/wp\/v2\/categories?post=9617"},{"taxonomy":"post_tag","embeddable":true,"href":"https:\/\/nazarenonews.com.br\/index.php\/wp-json\/wp\/v2\/tags?post=9617"}],"curies":[{"name":"wp","href":"https:\/\/api.w.org\/{rel}","templated":true}]}}