{"id":9608,"date":"2025-02-28T15:05:59","date_gmt":"2025-02-28T19:05:59","guid":{"rendered":"https:\/\/nazarenonews.com.br\/?p=9608"},"modified":"2025-02-28T15:05:59","modified_gmt":"2025-02-28T19:05:59","slug":"marido-de-prefeita-de-mt-e-exonerado-do-cargo-de-secretario-apos-decisao-da-justica","status":"publish","type":"post","link":"https:\/\/nazarenonews.com.br\/index.php\/2025\/02\/28\/marido-de-prefeita-de-mt-e-exonerado-do-cargo-de-secretario-apos-decisao-da-justica\/","title":{"rendered":"Marido de prefeita de MT \u00e9 exonerado do cargo de secret\u00e1rio ap\u00f3s decis\u00e3o da Justi\u00e7a"},"content":{"rendered":"\n<p>O secret\u00e1rio de Assuntos Estrat\u00e9gicos de\u00a0<a class=\"\" href=\"https:\/\/g1.globo.com\/mt\/mato-grosso\/cidade\/varzea-grande-mt\/\">V\u00e1rzea Grande<\/a>,\u00a0<strong>Carlos Alberto de Ara\u00fajo<\/strong>, foi exonerado do cargo. A demiss\u00e3o foi publicada no Jornal Oficial Eletr\u00f4nico dos Munic\u00edpios desta sexta-feira (28). Carlos Alberto de Ara\u00fajo \u00e9 marido da prefeita da regi\u00e3o metropolitana,\u00a0<strong>Fl\u00e1via Moretti (PL)<\/strong>.<\/p>\n\n\n\n<p>De acordo com o documento, a\u00a0exonera\u00e7\u00e3o foi feita a pedido de Carlos.\u00a0No entanto, no in\u00edcio de fevereiro, o Minist\u00e9rio P\u00fablico de Mato Grosso (MPMT) pediu a intima\u00e7\u00e3o da prefeita, ap\u00f3s ela descumprir a decis\u00e3o judicial que determinava a exonera\u00e7\u00e3o imediata de parentes nomeados para cargos comissionados ou fun\u00e7\u00f5es gratificadas no munic\u00edpio, incluindo seu marido.<\/p>\n\n\n\n<p>Na semana passada, ap\u00f3s a decis\u00e3o da Justi\u00e7a, a prefeita disse publicamente que iria recorrer a decis\u00e3o e que n\u00e3o demitiria o marido. De acordo com o Portal da Transpar\u00eancia, a&nbsp;<strong>base salarial de um secret\u00e1rio municipal \u00e9 de R$ 10 mil<\/strong>.<\/p>\n\n\n\n<h2 class=\"wp-block-heading\">Entenda o caso<\/h2>\n\n\n\n<p>H\u00e1 duas semanas, o Minist\u00e9rio P\u00fablico&nbsp;<a class=\"\" href=\"https:\/\/g1.globo.com\/mt\/mato-grosso\/noticia\/2025\/02\/11\/prefeita-se-recusa-a-demitir-marido-nomeado-secretario-com-salario-de-r-10-mil-em-varzea-grande-mt.ghtml\">pediu a intima\u00e7\u00e3o da prefeita Fl\u00e1via Moretti,<\/a>&nbsp;por descumprir a decis\u00e3o judicial que determinava a exonera\u00e7\u00e3o imediata de familiares nomeados em cargos comissionados ou fun\u00e7\u00f5es gratificadas no munic\u00edpio.<\/p>\n\n\n\n<p>O documento assinado pela promotora de Justi\u00e7a Taiana Castrillon Dionello, apontou que todos os parentes, at\u00e9 o terceiro grau, que est\u00e3o ocupando cargos p\u00fablicos deveriam ser exonerados, conforme a&nbsp;<strong>Lei Org\u00e2nica Municipal<\/strong>.<\/p>\n\n\n\n<p>Na \u00e9poca do pedido, foi informado pelo MP que a prefeitura deveria cumprir as exonera\u00e7\u00f5es imediatamente, sob risco de multa di\u00e1ria e a prefeita responderia por improbidade administrativa, em caso de descumprimento.<\/p>\n\n\n\n<h2 class=\"wp-block-heading\">Inqu\u00e9rito<\/h2>\n\n\n\n<p>A investiga\u00e7\u00e3o teve in\u00edcio em um inqu\u00e9rito civil instaurado pelo Minist\u00e9rio P\u00fablico, que identificou nomea\u00e7\u00f5es irregulares na Prefeitura, no Instituto de Seguridade Social dos Servidores P\u00fablicos (Previvag), no Departamento de \u00c1gua e Esgoto (DAE\/VG) e na C\u00e2mara Municipal.<\/p>\n\n\n\n<p>Antes de recorrer \u00e0 Justi\u00e7a, o MPMT recomendou as exonera\u00e7\u00f5es, mas a administra\u00e7\u00e3o municipal\u00a0<strong>manteve os servidores no cargo<\/strong>.<\/p>\n\n\n\n<p>No processo, a Procuradoria-Geral do Munic\u00edpio reconheceu as irregularidades e pediu seis meses para exonerar os servidores. O MPMT aceitou o pedido, e o Departamento de \u00c1gua e Esgoto e a C\u00e2mara Municipal foram intimados, mas n\u00e3o se manifestaram no prazo determinado.<\/p>\n\n\n\n<p>g1-MT<\/p>\n","protected":false},"excerpt":{"rendered":"<p>O secret\u00e1rio de Assuntos Estrat\u00e9gicos de\u00a0V\u00e1rzea Grande,\u00a0Carlos Alberto de Ara\u00fajo, foi exonerado do cargo. A demiss\u00e3o foi publicada no Jornal Oficial Eletr\u00f4nico dos Munic\u00edpios desta sexta-feira (28). Carlos Alberto de Ara\u00fajo \u00e9 marido da prefeita da regi\u00e3o metropolitana,\u00a0Fl\u00e1via Moretti (PL). De acordo com o documento, a\u00a0exonera\u00e7\u00e3o foi feita a pedido de Carlos.\u00a0No entanto, no in\u00edcio [&hellip;]<\/p>\n","protected":false},"author":2,"featured_media":9609,"comment_status":"closed","ping_status":"closed","sticky":false,"template":"","format":"standard","meta":{"_monsterinsights_skip_tracking":false,"_monsterinsights_sitenote_active":false,"_monsterinsights_sitenote_note":"","_monsterinsights_sitenote_category":0,"footnotes":""},"categories":[1],"tags":[],"_links":{"self":[{"href":"https:\/\/nazarenonews.com.br\/index.php\/wp-json\/wp\/v2\/posts\/9608"}],"collection":[{"href":"https:\/\/nazarenonews.com.br\/index.php\/wp-json\/wp\/v2\/posts"}],"about":[{"href":"https:\/\/nazarenonews.com.br\/index.php\/wp-json\/wp\/v2\/types\/post"}],"author":[{"embeddable":true,"href":"https:\/\/nazarenonews.com.br\/index.php\/wp-json\/wp\/v2\/users\/2"}],"replies":[{"embeddable":true,"href":"https:\/\/nazarenonews.com.br\/index.php\/wp-json\/wp\/v2\/comments?post=9608"}],"version-history":[{"count":1,"href":"https:\/\/nazarenonews.com.br\/index.php\/wp-json\/wp\/v2\/posts\/9608\/revisions"}],"predecessor-version":[{"id":9610,"href":"https:\/\/nazarenonews.com.br\/index.php\/wp-json\/wp\/v2\/posts\/9608\/revisions\/9610"}],"wp:featuredmedia":[{"embeddable":true,"href":"https:\/\/nazarenonews.com.br\/index.php\/wp-json\/wp\/v2\/media\/9609"}],"wp:attachment":[{"href":"https:\/\/nazarenonews.com.br\/index.php\/wp-json\/wp\/v2\/media?parent=9608"}],"wp:term":[{"taxonomy":"category","embeddable":true,"href":"https:\/\/nazarenonews.com.br\/index.php\/wp-json\/wp\/v2\/categories?post=9608"},{"taxonomy":"post_tag","embeddable":true,"href":"https:\/\/nazarenonews.com.br\/index.php\/wp-json\/wp\/v2\/tags?post=9608"}],"curies":[{"name":"wp","href":"https:\/\/api.w.org\/{rel}","templated":true}]}}