{"id":9544,"date":"2025-02-27T06:52:53","date_gmt":"2025-02-27T10:52:53","guid":{"rendered":"https:\/\/nazarenonews.com.br\/?p=9544"},"modified":"2025-02-27T08:39:30","modified_gmt":"2025-02-27T12:39:30","slug":"camara-de-dirigentes-lojistas-protocola-pedido-para-saida-dos-ambulantes","status":"publish","type":"post","link":"https:\/\/nazarenonews.com.br\/index.php\/2025\/02\/27\/camara-de-dirigentes-lojistas-protocola-pedido-para-saida-dos-ambulantes\/","title":{"rendered":"C\u00e2mara de Dirigentes Lojistas protocola pedido para sa\u00edda dos ambulantes"},"content":{"rendered":"\n<p>Vendedores ambulantes da regi\u00e3o central de Cuiab\u00e1 est\u00e3o apreensivos com a possibilidade de uma eventual opera\u00e7\u00e3o de retirada de barracas e confisco de mercadorias. Nesta semana, a C\u00e2mara de Dirigentes Lojistas (CDL Cuiab\u00e1) protocolou of\u00edcio junto \u00e0 Prefeitura de Cuiab\u00e1 para pedir o combate \u00e0 escalada do com\u00e9rcio informal nas cal\u00e7adas e portas das lojas, especialmente na Rua 13 de Junho.<\/p>\n\n\n\n<p>Enquanto os empres\u00e1rios alegam que a instala\u00e7\u00e3o dos ambulantes impede a entrada dos consumidores nos estabelecimentos, os informais alegam que dependem das vendas para tirar o sustento. Um ambulante que preferiu n\u00e3o se identificar revela que a aten\u00e7\u00e3o foi redobrada para se antecipar a qualquer a\u00e7\u00e3o que possa causar perda de produtos.<\/p>\n\n\n\n<p>\u201c\u00c9 uma sensa\u00e7\u00e3o delicada e que deixa todos em estado de alerta. Entendemos o outro lado, mas tamb\u00e9m dependemos do com\u00e9rcio para sobreviver\u201d.<\/p>\n\n\n\n<p>De acordo com o presidente do Sindicato dos Camel\u00f4s de Mato Grosso (Sincamat), Augusto Ferreira da Silva, s\u00e3o cerca de 350 comerciantes informais na regi\u00e3o. Ele reconhece que a situa\u00e7\u00e3o se tornou insustent\u00e1vel e defende uma discuss\u00e3o pac\u00edfica para se chegar a um consenso.<\/p>\n\n\n\n<p>\u201c\u00c9 preciso trabalhar de forma conjunta para promover a organiza\u00e7\u00e3o do centro da cidade, que est\u00e1 muito bagun\u00e7ado. Para isso, \u00e9 importante que haja uma redu\u00e7\u00e3o no n\u00famero de barracas, com uma tenda por grupo ou fam\u00edlia, para melhorar a circula\u00e7\u00e3o de pedestres. Infelizmente, no atual cen\u00e1rio, todo mundo perde\u201d, comenta Augusto.<\/p>\n\n\n\n<p>Segundo os lojistas, a atua\u00e7\u00e3o dos ambulantes configura como concorr\u00eancia desleal &#8211; j\u00e1 por n\u00e3o ter certificados de proced\u00eancia e n\u00e3o gerar notas fiscais, os produtos podem ser comercializados com pre\u00e7os mais atrativos. Na vis\u00e3o dos empres\u00e1rios, a perda nas vendas sofrida pelos estabelecimentos formais dificulta a manuten\u00e7\u00e3o e a cria\u00e7\u00e3o de novas vagas no mercado de trabalho.<\/p>\n\n\n\n<p>\u201cEssa situa\u00e7\u00e3o compromete a competitividade e a arrecada\u00e7\u00e3o municipal, al\u00e9m de afetar o desenvolvimento do com\u00e9rcio, que \u00e9 a grande for\u00e7a econ\u00f4mica de Cuiab\u00e1\u201d, afirma o presidente da CDL Cuiab\u00e1, Junior Macagnam.<\/p>\n\n\n\n<p>Gazeta digital<\/p>\n","protected":false},"excerpt":{"rendered":"<p>Vendedores ambulantes da regi\u00e3o central de Cuiab\u00e1 est\u00e3o apreensivos com a possibilidade de uma eventual opera\u00e7\u00e3o de retirada de barracas e confisco de mercadorias. Nesta semana, a C\u00e2mara de Dirigentes Lojistas (CDL Cuiab\u00e1) protocolou of\u00edcio junto \u00e0 Prefeitura de Cuiab\u00e1 para pedir o combate \u00e0 escalada do com\u00e9rcio informal nas cal\u00e7adas e portas das lojas, [&hellip;]<\/p>\n","protected":false},"author":2,"featured_media":9553,"comment_status":"closed","ping_status":"closed","sticky":false,"template":"","format":"standard","meta":{"_monsterinsights_skip_tracking":false,"_monsterinsights_sitenote_active":false,"_monsterinsights_sitenote_note":"","_monsterinsights_sitenote_category":0,"footnotes":""},"categories":[51,1,48],"tags":[],"_links":{"self":[{"href":"https:\/\/nazarenonews.com.br\/index.php\/wp-json\/wp\/v2\/posts\/9544"}],"collection":[{"href":"https:\/\/nazarenonews.com.br\/index.php\/wp-json\/wp\/v2\/posts"}],"about":[{"href":"https:\/\/nazarenonews.com.br\/index.php\/wp-json\/wp\/v2\/types\/post"}],"author":[{"embeddable":true,"href":"https:\/\/nazarenonews.com.br\/index.php\/wp-json\/wp\/v2\/users\/2"}],"replies":[{"embeddable":true,"href":"https:\/\/nazarenonews.com.br\/index.php\/wp-json\/wp\/v2\/comments?post=9544"}],"version-history":[{"count":1,"href":"https:\/\/nazarenonews.com.br\/index.php\/wp-json\/wp\/v2\/posts\/9544\/revisions"}],"predecessor-version":[{"id":9546,"href":"https:\/\/nazarenonews.com.br\/index.php\/wp-json\/wp\/v2\/posts\/9544\/revisions\/9546"}],"wp:featuredmedia":[{"embeddable":true,"href":"https:\/\/nazarenonews.com.br\/index.php\/wp-json\/wp\/v2\/media\/9553"}],"wp:attachment":[{"href":"https:\/\/nazarenonews.com.br\/index.php\/wp-json\/wp\/v2\/media?parent=9544"}],"wp:term":[{"taxonomy":"category","embeddable":true,"href":"https:\/\/nazarenonews.com.br\/index.php\/wp-json\/wp\/v2\/categories?post=9544"},{"taxonomy":"post_tag","embeddable":true,"href":"https:\/\/nazarenonews.com.br\/index.php\/wp-json\/wp\/v2\/tags?post=9544"}],"curies":[{"name":"wp","href":"https:\/\/api.w.org\/{rel}","templated":true}]}}