{"id":9541,"date":"2025-02-27T06:49:30","date_gmt":"2025-02-27T10:49:30","guid":{"rendered":"https:\/\/nazarenonews.com.br\/?p=9541"},"modified":"2025-02-27T08:53:28","modified_gmt":"2025-02-27T12:53:28","slug":"temporal-derruba-semaforo-em-varzea-grande","status":"publish","type":"post","link":"https:\/\/nazarenonews.com.br\/index.php\/2025\/02\/27\/temporal-derruba-semaforo-em-varzea-grande\/","title":{"rendered":"Temporal derruba sem\u00e1foro em V\u00e1rzea Grande"},"content":{"rendered":"\n<p>A forte chuva que atingiu V\u00e1rzea Grande, na tarde desta quarta-feira (26), derrubou um sem\u00e1foro no bairro Cristo Rei, no cruzamento entre a rua Ary Paes Barreto e Izabel Pinto, pr\u00f3ximo \u00e0 pra\u00e7a \u00c1urea Bras.<\/p>\n\n\n\n<p>Conforme informa\u00e7\u00f5es da Guarda Municipal, n\u00e3o h\u00e1 registros de carros atingidos, nem de feridos.<\/p>\n\n\n\n<p>Equipes da secretaria de Servi\u00e7os P\u00fablicos foram acioandas para fazer a troca do sem\u00e1foro por um aparelho novo.<\/p>\n\n\n\n<p>Rep\u00f3rter MT<\/p>\n","protected":false},"excerpt":{"rendered":"<p>A forte chuva que atingiu V\u00e1rzea Grande, na tarde desta quarta-feira (26), derrubou um sem\u00e1foro no bairro Cristo Rei, no cruzamento entre a rua Ary Paes Barreto e Izabel Pinto, pr\u00f3ximo \u00e0 pra\u00e7a \u00c1urea Bras. Conforme informa\u00e7\u00f5es da Guarda Municipal, n\u00e3o h\u00e1 registros de carros atingidos, nem de feridos. Equipes da secretaria de Servi\u00e7os P\u00fablicos [&hellip;]<\/p>\n","protected":false},"author":2,"featured_media":9554,"comment_status":"closed","ping_status":"closed","sticky":false,"template":"","format":"standard","meta":{"_monsterinsights_skip_tracking":false,"_monsterinsights_sitenote_active":false,"_monsterinsights_sitenote_note":"","_monsterinsights_sitenote_category":0,"footnotes":""},"categories":[1],"tags":[],"_links":{"self":[{"href":"https:\/\/nazarenonews.com.br\/index.php\/wp-json\/wp\/v2\/posts\/9541"}],"collection":[{"href":"https:\/\/nazarenonews.com.br\/index.php\/wp-json\/wp\/v2\/posts"}],"about":[{"href":"https:\/\/nazarenonews.com.br\/index.php\/wp-json\/wp\/v2\/types\/post"}],"author":[{"embeddable":true,"href":"https:\/\/nazarenonews.com.br\/index.php\/wp-json\/wp\/v2\/users\/2"}],"replies":[{"embeddable":true,"href":"https:\/\/nazarenonews.com.br\/index.php\/wp-json\/wp\/v2\/comments?post=9541"}],"version-history":[{"count":1,"href":"https:\/\/nazarenonews.com.br\/index.php\/wp-json\/wp\/v2\/posts\/9541\/revisions"}],"predecessor-version":[{"id":9543,"href":"https:\/\/nazarenonews.com.br\/index.php\/wp-json\/wp\/v2\/posts\/9541\/revisions\/9543"}],"wp:featuredmedia":[{"embeddable":true,"href":"https:\/\/nazarenonews.com.br\/index.php\/wp-json\/wp\/v2\/media\/9554"}],"wp:attachment":[{"href":"https:\/\/nazarenonews.com.br\/index.php\/wp-json\/wp\/v2\/media?parent=9541"}],"wp:term":[{"taxonomy":"category","embeddable":true,"href":"https:\/\/nazarenonews.com.br\/index.php\/wp-json\/wp\/v2\/categories?post=9541"},{"taxonomy":"post_tag","embeddable":true,"href":"https:\/\/nazarenonews.com.br\/index.php\/wp-json\/wp\/v2\/tags?post=9541"}],"curies":[{"name":"wp","href":"https:\/\/api.w.org\/{rel}","templated":true}]}}