{"id":9535,"date":"2025-02-27T06:43:22","date_gmt":"2025-02-27T10:43:22","guid":{"rendered":"https:\/\/nazarenonews.com.br\/?p=9535"},"modified":"2025-02-27T09:09:02","modified_gmt":"2025-02-27T13:09:02","slug":"abilio-vai-colocar-cameras-dentro-das-salas-de-aula-nas-escolas-municipais-de-cuiaba","status":"publish","type":"post","link":"https:\/\/nazarenonews.com.br\/index.php\/2025\/02\/27\/abilio-vai-colocar-cameras-dentro-das-salas-de-aula-nas-escolas-municipais-de-cuiaba\/","title":{"rendered":"Abilio vai colocar c\u00e2meras dentro das salas de aula nas escolas municipais de Cuiab\u00e1"},"content":{"rendered":"\n<p>O prefeito Abilio Brunini (PL) vai colocar c\u00e2meras de seguran\u00e7a dentro das salas de aula das escolas municipais de Cuiab\u00e1. A medida foi anunciada nessa ter\u00e7a-feira (25) como forma de monitorar, acompanhar e promover seguran\u00e7a aos estudantes da Capital.<\/p>\n\n\n\n<p>A decis\u00e3o foi comunicada ap\u00f3s ganhar repercuss\u00e3o na m\u00eddia o caso de um adolescente de 12 anos que foi espancado por colegas na Escola Estadual Ant\u00f4nio Epaminondas no dia 12 deste m\u00eas. Ainda segundo a apura\u00e7\u00e3o policial, a v\u00edtima \u00e9 diagnosticada com Transtorno do Espectro Autista (TEA), motivo pelo qual, possivelmente, ela teria sido v\u00edtima das agress\u00f5es.<\/p>\n\n\n\n<p><em><strong>\u201cNo munic\u00edpio de Cuiab\u00e1, n\u00f3s vamos instalar c\u00e2meras em todas as escolas. J\u00e1 est\u00e3o instalados em algumas, mas al\u00e9m das \u00e1reas comuns, n\u00f3s vamos colocar c\u00e2meras tamb\u00e9m dentro das salas de aulas para monitorarmos todos os comportamentos\u201d<\/strong><\/em>, garantiu Abilio.<\/p>\n\n\n\n<p>O caso da agress\u00e3o do aluno com autismo s\u00f3 veio \u00e0 tona agora porque a fam\u00edlia do menino teve acesso a um v\u00eddeo gravado pelos pr\u00f3prios agressores, dentro do banheiro da unidade de ensino. O garoto contou para a m\u00e3e que vinha sendo perseguido desde o ano passado por um colega que o chama de&nbsp;<strong>\u201clouco\u201d&nbsp;<\/strong>em raz\u00e3o do autismo.<\/p>\n\n\n\n<p>Por conta disso e de outros casos de viol\u00eancia registrados no munic\u00edpio, Abilio decidiu expandir a seguran\u00e7a nos ambientes escolares, ampliando o alcance das c\u00e2meras para dentro das salas de aula e n\u00e3o s\u00f3 nos ambientes compartilhados. O prefeito defende que essa seja uma forma de acabar com o bullying nas escolas.<\/p>\n\n\n\n<p><em><strong>\u201cTodas as medidas de combate ao bullying a gente tem feito. Todos os coordenadores, secret\u00e1rios e diretores das escolas j\u00e1 t\u00eam um conhecimento amplo sobre isso. N\u00e3o \u00e9 a primeira vez que a gente enfrenta uma situa\u00e7\u00e3o como essa\u201d,<\/strong><\/em>&nbsp;contou.<\/p>\n\n\n\n<p>Vale ressaltar que, segundo o chefe do Executivo municipal, as c\u00e2meras n\u00e3o ser\u00e3o de acesso p\u00fablico, ou seja, o monitoramento ficar\u00e1 sob responsabilidade da prefeitura para que as crian\u00e7as n\u00e3o sejam expostas na internet ou em qualquer outro lugar.<\/p>\n\n\n\n<p><em><strong>\u201cElas s\u00e3o c\u00e2meras para monitoramento, acompanhamento, seguran\u00e7a e tamb\u00e9m para prote\u00e7\u00e3o daquela crian\u00e7a que est\u00e1 l\u00e1\u201d<\/strong><\/em>, concluiu Abilio.<\/p>\n\n\n\n<p>Rep\u00f3rter MT<\/p>\n","protected":false},"excerpt":{"rendered":"<p>O prefeito Abilio Brunini (PL) vai colocar c\u00e2meras de seguran\u00e7a dentro das salas de aula das escolas municipais de Cuiab\u00e1. A medida foi anunciada nessa ter\u00e7a-feira (25) como forma de monitorar, acompanhar e promover seguran\u00e7a aos estudantes da Capital. A decis\u00e3o foi comunicada ap\u00f3s ganhar repercuss\u00e3o na m\u00eddia o caso de um adolescente de 12 [&hellip;]<\/p>\n","protected":false},"author":2,"featured_media":9325,"comment_status":"closed","ping_status":"closed","sticky":false,"template":"","format":"standard","meta":{"_monsterinsights_skip_tracking":false,"_monsterinsights_sitenote_active":false,"_monsterinsights_sitenote_note":"","_monsterinsights_sitenote_category":0,"footnotes":""},"categories":[1,48],"tags":[],"_links":{"self":[{"href":"https:\/\/nazarenonews.com.br\/index.php\/wp-json\/wp\/v2\/posts\/9535"}],"collection":[{"href":"https:\/\/nazarenonews.com.br\/index.php\/wp-json\/wp\/v2\/posts"}],"about":[{"href":"https:\/\/nazarenonews.com.br\/index.php\/wp-json\/wp\/v2\/types\/post"}],"author":[{"embeddable":true,"href":"https:\/\/nazarenonews.com.br\/index.php\/wp-json\/wp\/v2\/users\/2"}],"replies":[{"embeddable":true,"href":"https:\/\/nazarenonews.com.br\/index.php\/wp-json\/wp\/v2\/comments?post=9535"}],"version-history":[{"count":1,"href":"https:\/\/nazarenonews.com.br\/index.php\/wp-json\/wp\/v2\/posts\/9535\/revisions"}],"predecessor-version":[{"id":9537,"href":"https:\/\/nazarenonews.com.br\/index.php\/wp-json\/wp\/v2\/posts\/9535\/revisions\/9537"}],"wp:featuredmedia":[{"embeddable":true,"href":"https:\/\/nazarenonews.com.br\/index.php\/wp-json\/wp\/v2\/media\/9325"}],"wp:attachment":[{"href":"https:\/\/nazarenonews.com.br\/index.php\/wp-json\/wp\/v2\/media?parent=9535"}],"wp:term":[{"taxonomy":"category","embeddable":true,"href":"https:\/\/nazarenonews.com.br\/index.php\/wp-json\/wp\/v2\/categories?post=9535"},{"taxonomy":"post_tag","embeddable":true,"href":"https:\/\/nazarenonews.com.br\/index.php\/wp-json\/wp\/v2\/tags?post=9535"}],"curies":[{"name":"wp","href":"https:\/\/api.w.org\/{rel}","templated":true}]}}