{"id":9531,"date":"2025-02-26T15:14:50","date_gmt":"2025-02-26T19:14:50","guid":{"rendered":"https:\/\/nazarenonews.com.br\/?p=9531"},"modified":"2025-02-26T16:05:09","modified_gmt":"2025-02-26T20:05:09","slug":"justica-suspende-aumento-salarial-de-prefeita-vice-e-vereadores-aprovado-em-30-segundos-em-mt","status":"publish","type":"post","link":"https:\/\/nazarenonews.com.br\/index.php\/2025\/02\/26\/justica-suspende-aumento-salarial-de-prefeita-vice-e-vereadores-aprovado-em-30-segundos-em-mt\/","title":{"rendered":"Justi\u00e7a suspende aumento salarial de prefeita, vice e vereadores aprovado em 30 segundos em MT"},"content":{"rendered":"\n<p>A Justi\u00e7a de Mato Grosso&nbsp;suspendeu um aumento de 42% nos sal\u00e1rios dos vereadores, da prefeita e do vice-prefeito&nbsp;de&nbsp;<a class=\"\" href=\"https:\/\/g1.globo.com\/mt\/mato-grosso\/cidade\/caceres\/\">C\u00e1ceres<\/a>, a 250 km de Cuiab\u00e1, nessa ter\u00e7a-feira (25). A medida&nbsp;<a class=\"\" href=\"https:\/\/g1.globo.com\/mt\/mato-grosso\/noticia\/2024\/12\/17\/votacao-relampago-vereadores-aprovam-aumento-dos-proprios-salarios-e-de-mais-de-40percent-para-prefeita-e-vice-em-municipio-de-mt.ghtml\"><strong>havia sido aprovada em dezembro do ano passado<\/strong><\/a>, durante uma&nbsp;<strong>vota\u00e7\u00e3o rel\u00e2mpago que durou 30 segundos<\/strong>.<\/p>\n\n\n\n<p>Na decis\u00e3o, a ju\u00edza Henriqueta Fernanda Lima apontou uma poss\u00edvel contradi\u00e7\u00e3o na gest\u00e3o financeira do munic\u00edpio. Ela alega que a ado\u00e7\u00e3o de pol\u00edticas de austeridade financeira para conter despesas s\u00e3o incompat\u00edveis com o aumento dos sal\u00e1rios dos agentes pol\u00edticos.<\/p>\n\n\n\n<p>Ao\u00a0<a class=\"\" href=\"https:\/\/g1.globo.com\/mt\/mato-grosso\/\"><strong>g1<\/strong><\/a>, a C\u00e2mara Municipal informou que n\u00e3o tem interesse em recorrer a decis\u00e3o. O\u00a0<a class=\"\" href=\"https:\/\/g1.globo.com\/mt\/mato-grosso\/\"><strong>g1<\/strong>\u00a0<\/a>tamb\u00e9m procurou a Prefeitura do munic\u00edpio, mas n\u00e3o obteve retorno at\u00e9 a publica\u00e7\u00e3o desta mat\u00e9ria.<\/p>\n\n\n\n<p>Caso o reajuste fosse aprovado, o sal\u00e1rio da prefeita&nbsp;Eliene Liberato Dias (PSB) passaria de R$ 21.085,26 para R$ 30 mil.&nbsp;J\u00e1 o do vice-prefeito&nbsp;Luiz Landim (Uni\u00e3o Brasil) passaria de R$ 14.018,78 para R$ 21 mil.<\/p>\n\n\n\n<p>Os vereadores, por sua vez, teriam um aumento de 28,34%,&nbsp;passando de R$ 10.838,13 para R$ 13.909,85.<\/p>\n\n\n\n<p>A rapidez na aprova\u00e7\u00e3o e os altos percentuais de reajuste chamaram aten\u00e7\u00e3o e geraram pol\u00eamica, principalmente por ocorrerem logo ap\u00f3s as medidas de conten\u00e7\u00e3o de despesas impostas aos servidores municipais.<\/p>\n\n\n\n<p>g1-MT<\/p>\n","protected":false},"excerpt":{"rendered":"<p>A Justi\u00e7a de Mato Grosso&nbsp;suspendeu um aumento de 42% nos sal\u00e1rios dos vereadores, da prefeita e do vice-prefeito&nbsp;de&nbsp;C\u00e1ceres, a 250 km de Cuiab\u00e1, nessa ter\u00e7a-feira (25). A medida&nbsp;havia sido aprovada em dezembro do ano passado, durante uma&nbsp;vota\u00e7\u00e3o rel\u00e2mpago que durou 30 segundos. Na decis\u00e3o, a ju\u00edza Henriqueta Fernanda Lima apontou uma poss\u00edvel contradi\u00e7\u00e3o na gest\u00e3o [&hellip;]<\/p>\n","protected":false},"author":2,"featured_media":9534,"comment_status":"closed","ping_status":"closed","sticky":false,"template":"","format":"standard","meta":{"_monsterinsights_skip_tracking":false,"_monsterinsights_sitenote_active":false,"_monsterinsights_sitenote_note":"","_monsterinsights_sitenote_category":0,"footnotes":""},"categories":[1,48],"tags":[],"_links":{"self":[{"href":"https:\/\/nazarenonews.com.br\/index.php\/wp-json\/wp\/v2\/posts\/9531"}],"collection":[{"href":"https:\/\/nazarenonews.com.br\/index.php\/wp-json\/wp\/v2\/posts"}],"about":[{"href":"https:\/\/nazarenonews.com.br\/index.php\/wp-json\/wp\/v2\/types\/post"}],"author":[{"embeddable":true,"href":"https:\/\/nazarenonews.com.br\/index.php\/wp-json\/wp\/v2\/users\/2"}],"replies":[{"embeddable":true,"href":"https:\/\/nazarenonews.com.br\/index.php\/wp-json\/wp\/v2\/comments?post=9531"}],"version-history":[{"count":1,"href":"https:\/\/nazarenonews.com.br\/index.php\/wp-json\/wp\/v2\/posts\/9531\/revisions"}],"predecessor-version":[{"id":9533,"href":"https:\/\/nazarenonews.com.br\/index.php\/wp-json\/wp\/v2\/posts\/9531\/revisions\/9533"}],"wp:featuredmedia":[{"embeddable":true,"href":"https:\/\/nazarenonews.com.br\/index.php\/wp-json\/wp\/v2\/media\/9534"}],"wp:attachment":[{"href":"https:\/\/nazarenonews.com.br\/index.php\/wp-json\/wp\/v2\/media?parent=9531"}],"wp:term":[{"taxonomy":"category","embeddable":true,"href":"https:\/\/nazarenonews.com.br\/index.php\/wp-json\/wp\/v2\/categories?post=9531"},{"taxonomy":"post_tag","embeddable":true,"href":"https:\/\/nazarenonews.com.br\/index.php\/wp-json\/wp\/v2\/tags?post=9531"}],"curies":[{"name":"wp","href":"https:\/\/api.w.org\/{rel}","templated":true}]}}