{"id":9526,"date":"2025-02-26T15:10:08","date_gmt":"2025-02-26T19:10:08","guid":{"rendered":"https:\/\/nazarenonews.com.br\/?p=9526"},"modified":"2025-02-26T15:10:08","modified_gmt":"2025-02-26T19:10:08","slug":"caminhoneiro-dirige-bebado-em-rodovia-de-mt","status":"publish","type":"post","link":"https:\/\/nazarenonews.com.br\/index.php\/2025\/02\/26\/caminhoneiro-dirige-bebado-em-rodovia-de-mt\/","title":{"rendered":"Caminhoneiro dirige b\u00eabado em rodovia de MT"},"content":{"rendered":"\n<p>Um caminhoneiro de 50 anos foi preso na tarde de segunda-feira (24) ap\u00f3s ser flagrado dirigindo em zigue-zague na MT-484, em Ipiranga do Norte (530 km de Cuiab\u00e1). Ao ser abordado, o motorista apresentou dificuldades para sair do ve\u00edculo e exibia sinais claros de embriaguez.<\/p>\n\n\n\n<p>Conforme informa\u00e7\u00f5es da Pol\u00edcia Civil, a ocorr\u00eancia foi registrada durante um patrulhamento da For\u00e7a T\u00e1tica. Os militares avistaram o caminh\u00e3o trafegando de maneira irregular, indicando que o motorista n\u00e3o conseguia manter o controle do ve\u00edculo.<\/p>\n\n\n\n<p>Um v\u00eddeo gravado pelos policiais antes da abordagem mostra o caminh\u00e3o realizando as manobras perigosas. Em determinado momento, ele quase tomba na pista. Uma carreta que vinha no sentido contr\u00e1rio chegou a desviar do ve\u00edculo desgovernado.<\/p>\n\n\n\n<p>Na abordagem, ficou constatado que ele estava com forte odor de \u00e1lcool, com falta de equil\u00edbrio, com a fala arrastada e desorientado.<\/p>\n\n\n\n<p>O motorista foi encaminhado para a Delegacia de Sorriso e foi autuado em flagrante pelo crime de embriaguez ao volante.<\/p>\n\n\n\n<p>Rep\u00f3rter MT<\/p>\n\n\n\n<p><\/p>\n","protected":false},"excerpt":{"rendered":"<p>Um caminhoneiro de 50 anos foi preso na tarde de segunda-feira (24) ap\u00f3s ser flagrado dirigindo em zigue-zague na MT-484, em Ipiranga do Norte (530 km de Cuiab\u00e1). Ao ser abordado, o motorista apresentou dificuldades para sair do ve\u00edculo e exibia sinais claros de embriaguez. Conforme informa\u00e7\u00f5es da Pol\u00edcia Civil, a ocorr\u00eancia foi registrada durante [&hellip;]<\/p>\n","protected":false},"author":2,"featured_media":9527,"comment_status":"closed","ping_status":"closed","sticky":false,"template":"","format":"standard","meta":{"_monsterinsights_skip_tracking":false,"_monsterinsights_sitenote_active":false,"_monsterinsights_sitenote_note":"","_monsterinsights_sitenote_category":0,"footnotes":""},"categories":[1],"tags":[],"_links":{"self":[{"href":"https:\/\/nazarenonews.com.br\/index.php\/wp-json\/wp\/v2\/posts\/9526"}],"collection":[{"href":"https:\/\/nazarenonews.com.br\/index.php\/wp-json\/wp\/v2\/posts"}],"about":[{"href":"https:\/\/nazarenonews.com.br\/index.php\/wp-json\/wp\/v2\/types\/post"}],"author":[{"embeddable":true,"href":"https:\/\/nazarenonews.com.br\/index.php\/wp-json\/wp\/v2\/users\/2"}],"replies":[{"embeddable":true,"href":"https:\/\/nazarenonews.com.br\/index.php\/wp-json\/wp\/v2\/comments?post=9526"}],"version-history":[{"count":1,"href":"https:\/\/nazarenonews.com.br\/index.php\/wp-json\/wp\/v2\/posts\/9526\/revisions"}],"predecessor-version":[{"id":9528,"href":"https:\/\/nazarenonews.com.br\/index.php\/wp-json\/wp\/v2\/posts\/9526\/revisions\/9528"}],"wp:featuredmedia":[{"embeddable":true,"href":"https:\/\/nazarenonews.com.br\/index.php\/wp-json\/wp\/v2\/media\/9527"}],"wp:attachment":[{"href":"https:\/\/nazarenonews.com.br\/index.php\/wp-json\/wp\/v2\/media?parent=9526"}],"wp:term":[{"taxonomy":"category","embeddable":true,"href":"https:\/\/nazarenonews.com.br\/index.php\/wp-json\/wp\/v2\/categories?post=9526"},{"taxonomy":"post_tag","embeddable":true,"href":"https:\/\/nazarenonews.com.br\/index.php\/wp-json\/wp\/v2\/tags?post=9526"}],"curies":[{"name":"wp","href":"https:\/\/api.w.org\/{rel}","templated":true}]}}