{"id":9523,"date":"2025-02-26T15:04:13","date_gmt":"2025-02-26T19:04:13","guid":{"rendered":"https:\/\/nazarenonews.com.br\/?p=9523"},"modified":"2025-02-26T15:04:14","modified_gmt":"2025-02-26T19:04:14","slug":"boa-esperanca-e-pedra-90-recebem-tapa-buraco-da-prefeitura-de-cuiaba","status":"publish","type":"post","link":"https:\/\/nazarenonews.com.br\/index.php\/2025\/02\/26\/boa-esperanca-e-pedra-90-recebem-tapa-buraco-da-prefeitura-de-cuiaba\/","title":{"rendered":"Boa Esperan\u00e7a e Pedra 90 recebem tapa-buraco da Prefeitura de Cuiab\u00e1"},"content":{"rendered":"\n<p>A Prefeitura de Cuiab\u00e1, por meio da Secretaria de Obras P\u00fablicas, segue avan\u00e7ando com o cronograma de manuten\u00e7\u00e3o vi\u00e1ria e, nesta ter\u00e7a-feira (25), realizou a opera\u00e7\u00e3o tapa-buraco em pontos estrat\u00e9gicos da cidade, atendendo a demandas da popula\u00e7\u00e3o. Entre os bairros contemplados est\u00e3o Boa Esperan\u00e7a e Pedra 90, garantindo mais seguran\u00e7a para motoristas e pedestres.<\/p>\n\n\n\n<p>Al\u00e9m dessas localidades, as equipes da prefeitura tamb\u00e9m atuaram nos bairros Ch\u00e1cara dos Pinheiros, Santa Izabel, Dr. F\u00e1bio I, e nas avenidas General Mello e General Valle. Ao todo, aproximadamente 2,3 km de vias foram recuperados.<\/p>\n\n\n\n<p>\u201cO trabalho de recupera\u00e7\u00e3o asf\u00e1ltica \u00e9 cont\u00ednuo e planejado com base nas necessidades da popula\u00e7\u00e3o. Seguimos firmes na miss\u00e3o de proporcionar mais mobilidade e conforto para quem trafega pelas ruas da nossa capital\u201d, destacou o secret\u00e1rio de Obras P\u00fablicas, Reginaldo Teixeira.<\/p>\n\n\n\n<p>Os servi\u00e7os incluem a aplica\u00e7\u00e3o de manta asf\u00e1ltica, um processo que refor\u00e7a a ader\u00eancia do pavimento e reduz o desgaste precoce. Para garantir a seguran\u00e7a e a fluidez do tr\u00e2nsito, os trechos em manuten\u00e7\u00e3o s\u00e3o devidamente sinalizados, com fitas zebradas e bloqueios parciais quando necess\u00e1rio.<\/p>\n\n\n\n<p>A recomposi\u00e7\u00e3o asf\u00e1ltica segue um rigoroso padr\u00e3o t\u00e9cnico, come\u00e7ando pela remo\u00e7\u00e3o da umidade e limpeza das fissuras, com aux\u00edlio de caminh\u00e3o-pipa e retroescavadeiras. Em seguida, uma camada de brita fina \u00e9 aplicada antes do preenchimento com asfalto quente, que passa pelo processo de compacta\u00e7\u00e3o e nivelamento para assegurar a qualidade do acabamento.<\/p>\n\n\n\n<p>A programa\u00e7\u00e3o das interven\u00e7\u00f5es \u00e9 definida com base nas demandas mais urgentes registradas pela popula\u00e7\u00e3o, que pode solicitar os servi\u00e7os por meio do canal de atendimento\u00a0ZapObras, via WhatsApp, no n\u00famero<strong>\u00a0<\/strong>(65) 9 9216-0484.<strong>\u00a0<\/strong>Em casos de bloqueio total da via, a Secretaria Municipal de Mobilidade Urbana (Semob) coordena os desvios necess\u00e1rios.<\/p>\n\n\n\n<p>Gazeta digital <\/p>\n","protected":false},"excerpt":{"rendered":"<p>A Prefeitura de Cuiab\u00e1, por meio da Secretaria de Obras P\u00fablicas, segue avan\u00e7ando com o cronograma de manuten\u00e7\u00e3o vi\u00e1ria e, nesta ter\u00e7a-feira (25), realizou a opera\u00e7\u00e3o tapa-buraco em pontos estrat\u00e9gicos da cidade, atendendo a demandas da popula\u00e7\u00e3o. Entre os bairros contemplados est\u00e3o Boa Esperan\u00e7a e Pedra 90, garantindo mais seguran\u00e7a para motoristas e pedestres. Al\u00e9m [&hellip;]<\/p>\n","protected":false},"author":2,"featured_media":9524,"comment_status":"closed","ping_status":"closed","sticky":false,"template":"","format":"standard","meta":{"_monsterinsights_skip_tracking":false,"_monsterinsights_sitenote_active":false,"_monsterinsights_sitenote_note":"","_monsterinsights_sitenote_category":0,"footnotes":""},"categories":[1,48],"tags":[],"_links":{"self":[{"href":"https:\/\/nazarenonews.com.br\/index.php\/wp-json\/wp\/v2\/posts\/9523"}],"collection":[{"href":"https:\/\/nazarenonews.com.br\/index.php\/wp-json\/wp\/v2\/posts"}],"about":[{"href":"https:\/\/nazarenonews.com.br\/index.php\/wp-json\/wp\/v2\/types\/post"}],"author":[{"embeddable":true,"href":"https:\/\/nazarenonews.com.br\/index.php\/wp-json\/wp\/v2\/users\/2"}],"replies":[{"embeddable":true,"href":"https:\/\/nazarenonews.com.br\/index.php\/wp-json\/wp\/v2\/comments?post=9523"}],"version-history":[{"count":1,"href":"https:\/\/nazarenonews.com.br\/index.php\/wp-json\/wp\/v2\/posts\/9523\/revisions"}],"predecessor-version":[{"id":9525,"href":"https:\/\/nazarenonews.com.br\/index.php\/wp-json\/wp\/v2\/posts\/9523\/revisions\/9525"}],"wp:featuredmedia":[{"embeddable":true,"href":"https:\/\/nazarenonews.com.br\/index.php\/wp-json\/wp\/v2\/media\/9524"}],"wp:attachment":[{"href":"https:\/\/nazarenonews.com.br\/index.php\/wp-json\/wp\/v2\/media?parent=9523"}],"wp:term":[{"taxonomy":"category","embeddable":true,"href":"https:\/\/nazarenonews.com.br\/index.php\/wp-json\/wp\/v2\/categories?post=9523"},{"taxonomy":"post_tag","embeddable":true,"href":"https:\/\/nazarenonews.com.br\/index.php\/wp-json\/wp\/v2\/tags?post=9523"}],"curies":[{"name":"wp","href":"https:\/\/api.w.org\/{rel}","templated":true}]}}