{"id":8459,"date":"2025-02-01T17:31:02","date_gmt":"2025-02-01T21:31:02","guid":{"rendered":"https:\/\/nazarenonews.com.br\/?p=8459"},"modified":"2025-02-01T17:31:02","modified_gmt":"2025-02-01T21:31:02","slug":"numero-de-casos-de-chikungunya-explode-em-cuiaba-3-881-maior-do-que-no-mesmo-periodo-do-ano-passado","status":"publish","type":"post","link":"https:\/\/nazarenonews.com.br\/index.php\/2025\/02\/01\/numero-de-casos-de-chikungunya-explode-em-cuiaba-3-881-maior-do-que-no-mesmo-periodo-do-ano-passado\/","title":{"rendered":"N\u00famero de casos de Chikungunya explode em Cuiab\u00e1; 3.881% maior do que no mesmo per\u00edodo do ano passado"},"content":{"rendered":"\n<p>J\u00e1 s\u00e3o 836 casos notificados de Chikungunya em Cuiab\u00e1 entre o dia 1\u00ba de janeiro e a \u00faltima quarta-feira (29), conforme os n\u00fameros divulgados pela Diretoria de Vigil\u00e2ncia em Sa\u00fade da Secretaria Municipal de Sa\u00fade de Cuiab\u00e1.<\/p>\n\n\n\n<p>A m\u00e9dia de 209 casos notificados da doen\u00e7a por semana em 2025 \u00e9 3.881% maior do que no mesmo per\u00edodo do ano passado, quando eram cinco casos notificados por semana.<\/p>\n\n\n\n<p>Conforme o painel de monitoramento de arboviroses do Minist\u00e9rio da Sa\u00fade, h\u00e1 uma morte confirmada pela doen\u00e7a e duas em investiga\u00e7\u00e3o. No mesmo per\u00edodo do ano passado n\u00e3o houve nenhuma morte registrada.<\/p>\n\n\n\n<p>Com rela\u00e7\u00e3o \u00e0 dengue, os n\u00fameros apontam 673 casos notificados da doen\u00e7a, o que equivale a 168 casos notificados por semana. Isso significa um aumento de 399% quando comparados com as cinco notifica\u00e7\u00f5es semanais registradas nas quatro primeiras semanas de janeiro do ano passado.<\/p>\n\n\n\n<p>De acordo com o painel do Minist\u00e9rio da Sa\u00fade, h\u00e1 uma morte em investiga\u00e7\u00e3o pela doen\u00e7a. No mesmo per\u00edodo do ano passado n\u00e3o foram registrados \u00f3bitos pela doen\u00e7a.<\/p>\n\n\n\n<p>Esses n\u00fameros podem sofrer altera\u00e7\u00f5es nas pr\u00f3ximas semanas por conta de notifica\u00e7\u00f5es tardias que possam vir a ser lan\u00e7adas em sistema posteriormente.<\/p>\n\n\n\n<p>No \u00faltimo dia 23 de janeiro, a prefeitura decretou situa\u00e7\u00e3o de emerg\u00eancia na Sa\u00fade P\u00fablica por causa do aumento no n\u00famero de casos de arboviroses.<\/p>\n\n\n\n<p>A medida permite que o Executivo Municipal adote medidas administrativas e assist\u00eancias necess\u00e1rias para combater o cen\u00e1rio de avan\u00e7o das doen\u00e7as, que tem causado alta demanda por atendimento m\u00e9dicos e medicamentos nas unidades p\u00fablicas de sa\u00fade. O decreto vale, a princ\u00edpio, por 60 dias.<\/p>\n\n\n\n<p>Rep\u00f3rter MT<\/p>\n","protected":false},"excerpt":{"rendered":"<p>J\u00e1 s\u00e3o 836 casos notificados de Chikungunya em Cuiab\u00e1 entre o dia 1\u00ba de janeiro e a \u00faltima quarta-feira (29), conforme os n\u00fameros divulgados pela Diretoria de Vigil\u00e2ncia em Sa\u00fade da Secretaria Municipal de Sa\u00fade de Cuiab\u00e1. A m\u00e9dia de 209 casos notificados da doen\u00e7a por semana em 2025 \u00e9 3.881% maior do que no [&hellip;]<\/p>\n","protected":false},"author":2,"featured_media":8460,"comment_status":"closed","ping_status":"closed","sticky":false,"template":"","format":"standard","meta":{"_monsterinsights_skip_tracking":false,"_monsterinsights_sitenote_active":false,"_monsterinsights_sitenote_note":"","_monsterinsights_sitenote_category":0,"footnotes":""},"categories":[1],"tags":[],"_links":{"self":[{"href":"https:\/\/nazarenonews.com.br\/index.php\/wp-json\/wp\/v2\/posts\/8459"}],"collection":[{"href":"https:\/\/nazarenonews.com.br\/index.php\/wp-json\/wp\/v2\/posts"}],"about":[{"href":"https:\/\/nazarenonews.com.br\/index.php\/wp-json\/wp\/v2\/types\/post"}],"author":[{"embeddable":true,"href":"https:\/\/nazarenonews.com.br\/index.php\/wp-json\/wp\/v2\/users\/2"}],"replies":[{"embeddable":true,"href":"https:\/\/nazarenonews.com.br\/index.php\/wp-json\/wp\/v2\/comments?post=8459"}],"version-history":[{"count":1,"href":"https:\/\/nazarenonews.com.br\/index.php\/wp-json\/wp\/v2\/posts\/8459\/revisions"}],"predecessor-version":[{"id":8461,"href":"https:\/\/nazarenonews.com.br\/index.php\/wp-json\/wp\/v2\/posts\/8459\/revisions\/8461"}],"wp:featuredmedia":[{"embeddable":true,"href":"https:\/\/nazarenonews.com.br\/index.php\/wp-json\/wp\/v2\/media\/8460"}],"wp:attachment":[{"href":"https:\/\/nazarenonews.com.br\/index.php\/wp-json\/wp\/v2\/media?parent=8459"}],"wp:term":[{"taxonomy":"category","embeddable":true,"href":"https:\/\/nazarenonews.com.br\/index.php\/wp-json\/wp\/v2\/categories?post=8459"},{"taxonomy":"post_tag","embeddable":true,"href":"https:\/\/nazarenonews.com.br\/index.php\/wp-json\/wp\/v2\/tags?post=8459"}],"curies":[{"name":"wp","href":"https:\/\/api.w.org\/{rel}","templated":true}]}}