{"id":8244,"date":"2025-01-28T17:18:56","date_gmt":"2025-01-28T21:18:56","guid":{"rendered":"https:\/\/nazarenonews.com.br\/?p=8244"},"modified":"2025-01-29T08:35:41","modified_gmt":"2025-01-29T12:35:41","slug":"camara-de-lojistas-propoe-reducao-de-impostos-para-comercios-afetados-por-obras-do-brt-em-cuiaba","status":"publish","type":"post","link":"https:\/\/nazarenonews.com.br\/index.php\/2025\/01\/28\/camara-de-lojistas-propoe-reducao-de-impostos-para-comercios-afetados-por-obras-do-brt-em-cuiaba\/","title":{"rendered":"C\u00e2mara de Lojistas prop\u00f5e redu\u00e7\u00e3o de impostos para com\u00e9rcios afetados por obras do BRT em Cuiab\u00e1"},"content":{"rendered":"\n<p>A C\u00e2mara de Dirigentes Lojistas (CDL) de Cuiab\u00e1 prop\u00f4s uma&nbsp;altera\u00e7\u00e3o na cobran\u00e7a de impostos de com\u00e9rcios localizados na Avenida do CPA, onde est\u00e3o sendo realizadas as obras para implanta\u00e7\u00e3o do \u00d4nibus de Transporte R\u00e1pido (BRT).<\/p>\n\n\n\n<p>A proposta consiste na&nbsp;redu\u00e7\u00e3o de impostos tempor\u00e1ria e excepcional para as empresas afetadas pelas obras. De acordo com a CDL, o setor de com\u00e9rcio e servi\u00e7os da regi\u00e3o est\u00e1 sofrendo com o n\u00famero de<strong>&nbsp;vendas reduzidas<\/strong>.<\/p>\n\n\n\n<p>Est\u00e3o em discuss\u00e3o o\u00a0<strong>Imposto sobre Servi\u00e7os de Qualquer Natureza (ISSQN)<\/strong>, o\u00a0<strong>Imposto Predial e Territorial Urbano (IPTU)<\/strong>\u00a0no caso do munic\u00edpio, e o\u00a0<strong>Imposto sobre Circula\u00e7\u00e3o de Mercadorias e Servi\u00e7os (ICMS)<\/strong>, no \u00e2mbito estadual.<\/p>\n\n\n\n<p>O secret\u00e1rio da Casa Civil de Mato Grosso, Fabio Garcia, disse que levar\u00e1 a pauta \u00e0 Secretaria de Fazenda (Sefaz) e diretamente ao governador Mauro Mendes para discuss\u00e3o.<\/p>\n\n\n\n<p>Trajeto BRT<\/p>\n\n\n\n<p>De acordo com a Secretaria de Infraestrutura e Log\u00edstica de Mato Grosso (Sinfra), ser\u00e3o implantados dois corredores do BRT. No primeiro, o \u00f4nibus sair\u00e1 do Terminal Andr\u00e9 Maggi em V\u00e1rzea Grande, percorrendo as Avenidas Filinto Muller, Jo\u00e3o Ponce de Arruda, Avenida da FEB, Tenente-Coronel Duarte e Historiador Rubens de Mendon\u00e7a, at\u00e9 o Terminal do Coxip\u00f3.<\/p>\n\n\n\n<p>J\u00e1 no segundo corredor, o BRT sair\u00e1 do Terminal do Coxip\u00f3 e percorrer\u00e1 as Avenidas Fernando Corr\u00eaa e Coronel Escol\u00e1stico, at\u00e9 o Centro de Cuiab\u00e1.<\/p>\n\n\n\n<p><strong>O corredor entre V\u00e1rzea Grande e o CPA contar\u00e1 com tr\u00eas linhas:<\/strong><\/p>\n\n\n\n<ol>\n<li>Uma linha que para em todas as esta\u00e7\u00f5es do trajeto, seja na ida ou na volta<\/li>\n\n\n\n<li>Uma linha expressa, que sai do Terminal Andr\u00e9 Maggi e para somente no Porto de Cuiab\u00e1<\/li>\n\n\n\n<li>Outra linha expressa que sai do Terminal do CPA at\u00e9 o Centro de Cuiab\u00e1, parando apenas no Shopping Pantanal<\/li>\n<\/ol>\n\n\n\n<p><strong>J\u00e1 o corredor entre Coxip\u00f3 e Centro de Cuiab\u00e1 ter\u00e1 duas linhas:<\/strong><\/p>\n\n\n\n<ul>\n<li>Uma linha que para em todas as esta\u00e7\u00f5es do caminho.<\/li>\n\n\n\n<li>Uma linha expressa, que para apenas na Universidade Federal de Mato Grosso (UFMT)<\/li>\n<\/ul>\n\n\n\n<p>Ao chegarem no Centro da capital, as linhas expressas dos dois corredores sobem a Avenida Get\u00falio Vargas, fazem o contorno na pra\u00e7a do Chop\u00e3o e descem a Avenida Isaac P\u00f3voas, antes de retornarem para sua origem.<\/p>\n\n\n\n<p>De acordo com o projeto, a Avenida da Feb continuar\u00e1 com duas pistas em cada sentido ap\u00f3s o fim dos trabalhos.<\/p>\n\n\n\n<p>As obras de implanta\u00e7\u00e3o do BRT come\u00e7aram no dia 21 de abril. Conforme o cronograma da Sinfra, a previs\u00e3o \u00e9 que o projeto em V\u00e1rzea Grande seja finalizado no fim do primeiro semestre de 2024. Ainda n\u00e3o se sabe sobre as datas do in\u00edcio das obras em Cuiab\u00e1 e quando o modal come\u00e7ar\u00e1 a funcionar.<\/p>\n\n\n\n<p>g1-MT<\/p>\n","protected":false},"excerpt":{"rendered":"<p>A C\u00e2mara de Dirigentes Lojistas (CDL) de Cuiab\u00e1 prop\u00f4s uma&nbsp;altera\u00e7\u00e3o na cobran\u00e7a de impostos de com\u00e9rcios localizados na Avenida do CPA, onde est\u00e3o sendo realizadas as obras para implanta\u00e7\u00e3o do \u00d4nibus de Transporte R\u00e1pido (BRT). A proposta consiste na&nbsp;redu\u00e7\u00e3o de impostos tempor\u00e1ria e excepcional para as empresas afetadas pelas obras. De acordo com a CDL, [&hellip;]<\/p>\n","protected":false},"author":2,"featured_media":8277,"comment_status":"closed","ping_status":"closed","sticky":false,"template":"","format":"standard","meta":{"_monsterinsights_skip_tracking":false,"_monsterinsights_sitenote_active":false,"_monsterinsights_sitenote_note":"","_monsterinsights_sitenote_category":0,"footnotes":""},"categories":[51,1],"tags":[],"_links":{"self":[{"href":"https:\/\/nazarenonews.com.br\/index.php\/wp-json\/wp\/v2\/posts\/8244"}],"collection":[{"href":"https:\/\/nazarenonews.com.br\/index.php\/wp-json\/wp\/v2\/posts"}],"about":[{"href":"https:\/\/nazarenonews.com.br\/index.php\/wp-json\/wp\/v2\/types\/post"}],"author":[{"embeddable":true,"href":"https:\/\/nazarenonews.com.br\/index.php\/wp-json\/wp\/v2\/users\/2"}],"replies":[{"embeddable":true,"href":"https:\/\/nazarenonews.com.br\/index.php\/wp-json\/wp\/v2\/comments?post=8244"}],"version-history":[{"count":1,"href":"https:\/\/nazarenonews.com.br\/index.php\/wp-json\/wp\/v2\/posts\/8244\/revisions"}],"predecessor-version":[{"id":8246,"href":"https:\/\/nazarenonews.com.br\/index.php\/wp-json\/wp\/v2\/posts\/8244\/revisions\/8246"}],"wp:featuredmedia":[{"embeddable":true,"href":"https:\/\/nazarenonews.com.br\/index.php\/wp-json\/wp\/v2\/media\/8277"}],"wp:attachment":[{"href":"https:\/\/nazarenonews.com.br\/index.php\/wp-json\/wp\/v2\/media?parent=8244"}],"wp:term":[{"taxonomy":"category","embeddable":true,"href":"https:\/\/nazarenonews.com.br\/index.php\/wp-json\/wp\/v2\/categories?post=8244"},{"taxonomy":"post_tag","embeddable":true,"href":"https:\/\/nazarenonews.com.br\/index.php\/wp-json\/wp\/v2\/tags?post=8244"}],"curies":[{"name":"wp","href":"https:\/\/api.w.org\/{rel}","templated":true}]}}