{"id":8238,"date":"2025-01-28T17:10:53","date_gmt":"2025-01-28T21:10:53","guid":{"rendered":"https:\/\/nazarenonews.com.br\/?p=8238"},"modified":"2025-01-29T08:23:34","modified_gmt":"2025-01-29T12:23:34","slug":"deputada-defende-enquadrar-faccoes-como-grupo-terrorista","status":"publish","type":"post","link":"https:\/\/nazarenonews.com.br\/index.php\/2025\/01\/28\/deputada-defende-enquadrar-faccoes-como-grupo-terrorista\/","title":{"rendered":"Deputada defende enquadrar fac\u00e7\u00f5es como grupo terrorista"},"content":{"rendered":"\n<p>Presidente do Uni\u00e3o Brasil em Cuiab\u00e1, a deputada federal Gisela Simona (Uni\u00e3o) defendeu que as fac\u00e7\u00f5es criminosas sejam equiparadas aos grupos terroristas pela legisla\u00e7\u00e3o brasileira. A medida seria uma forma de endurecer o combate \u00e0 criminalidade.<\/p>\n\n\n\n<p>\u201cO pa\u00eds precisa endurecer muito em rela\u00e7\u00e3o \u00e0 criminalidade. Essa quest\u00e3o de grupo terrorista, tendo uma defini\u00e7\u00e3o clara do que \u00e9, sem nenhum problema. Acho que pode ser uma das alternativas para diminuir\u201d, disse em entrevista \u00e0 r\u00e1dio Jovem Pan nesta ter\u00e7a-feira (28).<\/p>\n\n\n\n<p>A discuss\u00e3o ocorre porque horas ap\u00f3s tomar posse, o presidente dos EUA, Donald Trump, assinou um decreto definindo cart\u00e9is e outros grupos como &#8220;narcoterroristas&#8221;.<\/p>\n\n\n\n<p>Nesse sentido, a parlamentar pontuou que o Congresso tem tentado endurecer as leis para enfrentar o crime organizado.<br>\u201cA gente tem sido bastante [firme] nas nossas vota\u00e7\u00f5es em Bras\u00edlia, no que se refere a aumento de pena, a transforma\u00e7\u00e3o do nosso C\u00f3digo Penal, a ser contra a saidinha dos presos, acabar com a progress\u00e3o do regime e outras situa\u00e7\u00f5es que d\u00e3o esse sentimento de impunidade no Brasil\u201d, disse.<\/p>\n\n\n\n<p>Durante a entrevista, Gisela tamb\u00e9m defendeu a extin\u00e7\u00e3o dos mercadinhos em pres\u00eddios de Mato Grosso. A medida foi proposta pelo governo estadual dentro do programa Toler\u00e2ncia Zero, que busca combater as fac\u00e7\u00f5es criminosas no Estado.<\/p>\n\n\n\n<p>\u201cAchei uma medida muito positiva. Se voc\u00ea quer acabar com as fac\u00e7\u00f5es, voc\u00ea tem que acabar com tudo que as alimenta.<br>Veja que esses mercadinhos surgiram e se mant\u00e9m de forma ilegal. Me assustei quando vi a Assembleia aprovando isso. Agora o nosso governador vetou e espero que a Assembleia Legislativa mantenha o veto\u201d, disse.<\/p>\n\n\n\n<p>Gazeta digital<\/p>\n","protected":false},"excerpt":{"rendered":"<p>Presidente do Uni\u00e3o Brasil em Cuiab\u00e1, a deputada federal Gisela Simona (Uni\u00e3o) defendeu que as fac\u00e7\u00f5es criminosas sejam equiparadas aos grupos terroristas pela legisla\u00e7\u00e3o brasileira. A medida seria uma forma de endurecer o combate \u00e0 criminalidade. \u201cO pa\u00eds precisa endurecer muito em rela\u00e7\u00e3o \u00e0 criminalidade. Essa quest\u00e3o de grupo terrorista, tendo uma defini\u00e7\u00e3o clara do [&hellip;]<\/p>\n","protected":false},"author":2,"featured_media":8274,"comment_status":"closed","ping_status":"closed","sticky":false,"template":"","format":"standard","meta":{"_monsterinsights_skip_tracking":false,"_monsterinsights_sitenote_active":false,"_monsterinsights_sitenote_note":"","_monsterinsights_sitenote_category":0,"footnotes":""},"categories":[1,48],"tags":[],"_links":{"self":[{"href":"https:\/\/nazarenonews.com.br\/index.php\/wp-json\/wp\/v2\/posts\/8238"}],"collection":[{"href":"https:\/\/nazarenonews.com.br\/index.php\/wp-json\/wp\/v2\/posts"}],"about":[{"href":"https:\/\/nazarenonews.com.br\/index.php\/wp-json\/wp\/v2\/types\/post"}],"author":[{"embeddable":true,"href":"https:\/\/nazarenonews.com.br\/index.php\/wp-json\/wp\/v2\/users\/2"}],"replies":[{"embeddable":true,"href":"https:\/\/nazarenonews.com.br\/index.php\/wp-json\/wp\/v2\/comments?post=8238"}],"version-history":[{"count":1,"href":"https:\/\/nazarenonews.com.br\/index.php\/wp-json\/wp\/v2\/posts\/8238\/revisions"}],"predecessor-version":[{"id":8240,"href":"https:\/\/nazarenonews.com.br\/index.php\/wp-json\/wp\/v2\/posts\/8238\/revisions\/8240"}],"wp:featuredmedia":[{"embeddable":true,"href":"https:\/\/nazarenonews.com.br\/index.php\/wp-json\/wp\/v2\/media\/8274"}],"wp:attachment":[{"href":"https:\/\/nazarenonews.com.br\/index.php\/wp-json\/wp\/v2\/media?parent=8238"}],"wp:term":[{"taxonomy":"category","embeddable":true,"href":"https:\/\/nazarenonews.com.br\/index.php\/wp-json\/wp\/v2\/categories?post=8238"},{"taxonomy":"post_tag","embeddable":true,"href":"https:\/\/nazarenonews.com.br\/index.php\/wp-json\/wp\/v2\/tags?post=8238"}],"curies":[{"name":"wp","href":"https:\/\/api.w.org\/{rel}","templated":true}]}}