{"id":8235,"date":"2025-01-28T17:08:44","date_gmt":"2025-01-28T21:08:44","guid":{"rendered":"https:\/\/nazarenonews.com.br\/?p=8235"},"modified":"2025-01-29T08:21:37","modified_gmt":"2025-01-29T12:21:37","slug":"semob-anuncia-nova-interdicao-na-avenida-do-cpa","status":"publish","type":"post","link":"https:\/\/nazarenonews.com.br\/index.php\/2025\/01\/28\/semob-anuncia-nova-interdicao-na-avenida-do-cpa\/","title":{"rendered":"Semob anuncia nova interdi\u00e7\u00e3o na avenida do CPA"},"content":{"rendered":"\n<p>A Prefeitura de Cuiab\u00e1, por meio da Secretaria de Mobilidade Urbana- Semob informa que, a partir desta quarta-feira (29), \u00e0s 8h30, ap\u00f3s o hor\u00e1rio de pico da manh\u00e3, ser\u00e1 realizada uma nova interdi\u00e7\u00e3o de uma via da Avenida do CPA, pr\u00f3ximo ao viaduto.&nbsp;<\/p>\n\n\n\n<p>A interdi\u00e7\u00e3o ter\u00e1 dura\u00e7\u00e3o estimada de uma semana. O acesso \u00e0 Avenida Miguel Sutil, para quem segue pela Avenida do CPA no sentido Bosque da Sa\u00fade\/CPA, ser\u00e1 bloqueado no lado direito. Os motoristas dever\u00e3o entrar pelo bairro Bosque da Sa\u00fade ou seguir pelo sentido rodovi\u00e1ria, utilizando a rotat\u00f3ria para acessar a via por cima.<\/p>\n\n\n\n<p>A medida ser\u00e1 para a execu\u00e7\u00e3o de obras de recupera\u00e7\u00e3o da laje de transi\u00e7\u00e3o da parte antiga do viaduto, sendo necess\u00e1ria para garantir a seguran\u00e7a dos motoristas, pois existe o risco de escoramento do solo durante os trabalhos.<\/p>\n\n\n\n<p>A Semob orienta os condutores a utilizarem aplicativos de tr\u00e2nsito para identificar rotas alternativas e evitar \u00e1reas de maior congestionamento. Al\u00e9m disso, uma equipe de gerenciamento de crise est\u00e1 trabalhando para reduzir os impactos da interdi\u00e7\u00e3o e planejar solu\u00e7\u00f5es adequadas para a circula\u00e7\u00e3o local.<\/p>\n\n\n\n<p>Rep\u00f3rter MT<\/p>\n","protected":false},"excerpt":{"rendered":"<p>A Prefeitura de Cuiab\u00e1, por meio da Secretaria de Mobilidade Urbana- Semob informa que, a partir desta quarta-feira (29), \u00e0s 8h30, ap\u00f3s o hor\u00e1rio de pico da manh\u00e3, ser\u00e1 realizada uma nova interdi\u00e7\u00e3o de uma via da Avenida do CPA, pr\u00f3ximo ao viaduto.&nbsp; A interdi\u00e7\u00e3o ter\u00e1 dura\u00e7\u00e3o estimada de uma semana. O acesso \u00e0 Avenida [&hellip;]<\/p>\n","protected":false},"author":2,"featured_media":8273,"comment_status":"closed","ping_status":"closed","sticky":false,"template":"","format":"standard","meta":{"_monsterinsights_skip_tracking":false,"_monsterinsights_sitenote_active":false,"_monsterinsights_sitenote_note":"","_monsterinsights_sitenote_category":0,"footnotes":""},"categories":[1],"tags":[],"_links":{"self":[{"href":"https:\/\/nazarenonews.com.br\/index.php\/wp-json\/wp\/v2\/posts\/8235"}],"collection":[{"href":"https:\/\/nazarenonews.com.br\/index.php\/wp-json\/wp\/v2\/posts"}],"about":[{"href":"https:\/\/nazarenonews.com.br\/index.php\/wp-json\/wp\/v2\/types\/post"}],"author":[{"embeddable":true,"href":"https:\/\/nazarenonews.com.br\/index.php\/wp-json\/wp\/v2\/users\/2"}],"replies":[{"embeddable":true,"href":"https:\/\/nazarenonews.com.br\/index.php\/wp-json\/wp\/v2\/comments?post=8235"}],"version-history":[{"count":1,"href":"https:\/\/nazarenonews.com.br\/index.php\/wp-json\/wp\/v2\/posts\/8235\/revisions"}],"predecessor-version":[{"id":8237,"href":"https:\/\/nazarenonews.com.br\/index.php\/wp-json\/wp\/v2\/posts\/8235\/revisions\/8237"}],"wp:featuredmedia":[{"embeddable":true,"href":"https:\/\/nazarenonews.com.br\/index.php\/wp-json\/wp\/v2\/media\/8273"}],"wp:attachment":[{"href":"https:\/\/nazarenonews.com.br\/index.php\/wp-json\/wp\/v2\/media?parent=8235"}],"wp:term":[{"taxonomy":"category","embeddable":true,"href":"https:\/\/nazarenonews.com.br\/index.php\/wp-json\/wp\/v2\/categories?post=8235"},{"taxonomy":"post_tag","embeddable":true,"href":"https:\/\/nazarenonews.com.br\/index.php\/wp-json\/wp\/v2\/tags?post=8235"}],"curies":[{"name":"wp","href":"https:\/\/api.w.org\/{rel}","templated":true}]}}