{"id":8227,"date":"2025-01-28T14:57:01","date_gmt":"2025-01-28T18:57:01","guid":{"rendered":"https:\/\/nazarenonews.com.br\/?p=8227"},"modified":"2025-01-29T08:11:59","modified_gmt":"2025-01-29T12:11:59","slug":"dupla-de-presos-e-identificada-como-mandante-de-ataques","status":"publish","type":"post","link":"https:\/\/nazarenonews.com.br\/index.php\/2025\/01\/28\/dupla-de-presos-e-identificada-como-mandante-de-ataques\/","title":{"rendered":"Dupla de presos \u00e9 identificada como mandante de ataques"},"content":{"rendered":"\n<p>Dois presos do Centro Penitenci\u00e1rio de Paranatinga (373 km ao sul de Cuiab\u00e1) foram identificados como mandantes dos ataques a lojas da cidade, nesta ter\u00e7a-feira (28). Os ataques aconteceram na madrugada, conforme apurado pelo #gd anteriormente, e os executores ainda n\u00e3o foram localizados. A dupla de detentos do transferida para \u00e1rea de isolamento.<\/p>\n\n\n\n<p><br>O inc\u00eandio destruiu completamente as lojas Multishop e Cinderela cal\u00e7ado. Populares flagraram homens quebrando os vidros dos empreendimentos, ateando fogo e fugindo do local. As testemunhas acionaram a pol\u00edcia, que fez buscas e iniciou a investiga\u00e7\u00e3o.<br>Moradores tamb\u00e9m registraram o momento em que as chamas consumiam o pr\u00e9dio.<\/p>\n\n\n\n<p><br>Ap\u00f3s o ataque, a Secretaria de Estado de Seguran\u00e7a P\u00fablica refor\u00e7ou o policiamento no munic\u00edpio com equipes do Batalh\u00e3o de Opera\u00e7\u00f5es Especiais (Bope), Rondas Ostensivas T\u00e1ticas Metropolitanas (Rotam), For\u00e7a T\u00e1tica, Ger\u00eancia de Comabate ao Crime Organizado (GCCO ) e G\u00earencia de Opera\u00e7\u00f5es Especiais (GOE), com o intuito de manter a seguran\u00e7a na cidade.<\/p>\n\n\n\n<p><br>O secret\u00e1rio de Seguran\u00e7a P\u00fablica, coronel C\u00e9sar Roveri, afirma que houve uma r\u00e1pida mobiliza\u00e7\u00e3o para identifica\u00e7\u00e3o e pris\u00e3o dos criminosos.<\/p>\n\n\n\n<p><br>&#8220;Assim que tomamos conhecimento dos ataques em Paranatinga, mobilizamos for\u00e7a total para a identifica\u00e7\u00e3o e pris\u00e3o dos suspeitos. J\u00e1 sabemos quem s\u00e3o os mandantes e pedimos a imediata transfer\u00eancia deles para a \u00e1rea de isolamento\u201d, esclarece Roveri.<\/p>\n\n\n\n<p><br>\u201cVamos trabalhar para que nenhum criminoso fique impune em Mato Grosso. \u00c9 o compromisso do programa Toler\u00e2ncia Zero Contra as Fac\u00e7\u00f5es, e nossas for\u00e7as de seguran\u00e7a est\u00e3o atuando com total empenho para garantir a tranquilidade da popula\u00e7\u00e3o&#8221;, finaliza.<\/p>\n\n\n\n<p>g1-MT<\/p>\n","protected":false},"excerpt":{"rendered":"<p>Dois presos do Centro Penitenci\u00e1rio de Paranatinga (373 km ao sul de Cuiab\u00e1) foram identificados como mandantes dos ataques a lojas da cidade, nesta ter\u00e7a-feira (28). Os ataques aconteceram na madrugada, conforme apurado pelo #gd anteriormente, e os executores ainda n\u00e3o foram localizados. A dupla de detentos do transferida para \u00e1rea de isolamento. O inc\u00eandio [&hellip;]<\/p>\n","protected":false},"author":2,"featured_media":8206,"comment_status":"closed","ping_status":"closed","sticky":false,"template":"","format":"standard","meta":{"_monsterinsights_skip_tracking":false,"_monsterinsights_sitenote_active":false,"_monsterinsights_sitenote_note":"","_monsterinsights_sitenote_category":0,"footnotes":""},"categories":[1],"tags":[],"_links":{"self":[{"href":"https:\/\/nazarenonews.com.br\/index.php\/wp-json\/wp\/v2\/posts\/8227"}],"collection":[{"href":"https:\/\/nazarenonews.com.br\/index.php\/wp-json\/wp\/v2\/posts"}],"about":[{"href":"https:\/\/nazarenonews.com.br\/index.php\/wp-json\/wp\/v2\/types\/post"}],"author":[{"embeddable":true,"href":"https:\/\/nazarenonews.com.br\/index.php\/wp-json\/wp\/v2\/users\/2"}],"replies":[{"embeddable":true,"href":"https:\/\/nazarenonews.com.br\/index.php\/wp-json\/wp\/v2\/comments?post=8227"}],"version-history":[{"count":1,"href":"https:\/\/nazarenonews.com.br\/index.php\/wp-json\/wp\/v2\/posts\/8227\/revisions"}],"predecessor-version":[{"id":8229,"href":"https:\/\/nazarenonews.com.br\/index.php\/wp-json\/wp\/v2\/posts\/8227\/revisions\/8229"}],"wp:featuredmedia":[{"embeddable":true,"href":"https:\/\/nazarenonews.com.br\/index.php\/wp-json\/wp\/v2\/media\/8206"}],"wp:attachment":[{"href":"https:\/\/nazarenonews.com.br\/index.php\/wp-json\/wp\/v2\/media?parent=8227"}],"wp:term":[{"taxonomy":"category","embeddable":true,"href":"https:\/\/nazarenonews.com.br\/index.php\/wp-json\/wp\/v2\/categories?post=8227"},{"taxonomy":"post_tag","embeddable":true,"href":"https:\/\/nazarenonews.com.br\/index.php\/wp-json\/wp\/v2\/tags?post=8227"}],"curies":[{"name":"wp","href":"https:\/\/api.w.org\/{rel}","templated":true}]}}