{"id":8024,"date":"2025-01-24T06:50:44","date_gmt":"2025-01-24T10:50:44","guid":{"rendered":"https:\/\/nazarenonews.com.br\/?p=8024"},"modified":"2025-01-24T06:50:45","modified_gmt":"2025-01-24T10:50:45","slug":"prefeitura-de-cuiaba-decreta-emergencia-na-saude-apos-aumento-de-casos-de-dengue-e-chikungunya","status":"publish","type":"post","link":"https:\/\/nazarenonews.com.br\/index.php\/2025\/01\/24\/prefeitura-de-cuiaba-decreta-emergencia-na-saude-apos-aumento-de-casos-de-dengue-e-chikungunya\/","title":{"rendered":"Prefeitura de Cuiab\u00e1 decreta emerg\u00eancia na Sa\u00fade ap\u00f3s aumento de casos de dengue e chikungunya"},"content":{"rendered":"\n<p>O prefeito de&nbsp;<a class=\"\" href=\"https:\/\/g1.globo.com\/mt\/mato-grosso\/cidade\/cuiaba\/\">Cuiab\u00e1<\/a>, Abilio Brunini (PL) assinou, nesta quinta-feira (23), o decreto que estabelece&nbsp;estado de emerg\u00eancia na \u00e1rea da Sa\u00fade P\u00fablica da capital devido ao risco de&nbsp;<strong>epidemia de arboviroses<\/strong>, como&nbsp;dengue e chikungunya. A medida foi tomada com base no cen\u00e1rio epidemiol\u00f3gico atual, que registra um aumento expressivo de casos dessas doen\u00e7as, conforme dados do Sistema de Vigil\u00e2ncia em Sa\u00fade.<\/p>\n\n\n\n<p>De acordo com o Boletim Epidemiol\u00f3gico que analisou o per\u00edodo de 29 de dezembro a 18 de janeiro deste ano,<strong>\u00a0houve um crescimento de 204,5% nos casos confirmados de dengue e de 1.913,3% nos de chikungunya<\/strong>\u00a0em compara\u00e7\u00e3o ao mesmo per\u00edodo anterior.<\/p>\n\n\n\n<p>O prefeito ressaltou que a&nbsp;subnotifica\u00e7\u00e3o de dados pode indicar n\u00fameros ainda maiores. Ele destacou que muitas unidades b\u00e1sicas de sa\u00fade n\u00e3o sinalizaram adequadamente todos os casos suspeitos, dificultando o mapeamento exato da situa\u00e7\u00e3o.<\/p>\n\n\n\n<p>O decreto,\u00a0v\u00e1lido por 60 dias, prev\u00ea a cria\u00e7\u00e3o de um Comit\u00ea de Opera\u00e7\u00f5es Emergenciais para monitorar a situa\u00e7\u00e3o e tomar decis\u00f5es estrat\u00e9gicas.<\/p>\n\n\n\n<h2 class=\"wp-block-heading\">O que muda com o decreto<\/h2>\n\n\n\n<p>Com o decreto, fica permitido a ado\u00e7\u00e3o de medidas emergenciais, como:<\/p>\n\n\n\n<ul>\n<li>Compra de insumos<\/li>\n\n\n\n<li>Limpeza de terrenos baldios<\/li>\n\n\n\n<li>Prioridade \u00e0 realiza\u00e7\u00e3o de exames laboratoriais<\/li>\n\n\n\n<li>Contrata\u00e7\u00e3o imediata de 80 m\u00e9dicos para refor\u00e7ar o atendimento nas Unidades B\u00e1sicas de Sa\u00fade<\/li>\n\n\n\n<li>Suspens\u00e3o tempor\u00e1ria de agendamentos de consultas<\/li>\n\n\n\n<li>Contrata\u00e7\u00e3o tempor\u00e1ria de pessoal e a celebra\u00e7\u00e3o de contratos emergenciais\u00a0para a aquisi\u00e7\u00e3o de medicamentos, materiais e insumos<\/li>\n<\/ul>\n\n\n\n<p>Como parte das a\u00e7\u00f5es de combate \u00e0s arboviroses, a prefeitura informou que implantar\u00e1 um canal de emerg\u00eancia no site oficial, onde os mun\u00edcipes poder\u00e3o denunciar poss\u00edveis criadouros do mosquito transmissor. As den\u00fancias ser\u00e3o fiscalizadas pela Defesa Civil, em parceria com a Secretaria Municipal de Sa\u00fade.<\/p>\n\n\n\n<h2 class=\"wp-block-heading\">Casos de dengue e chikungunya<\/h2>\n\n\n\n<p><strong>Casos de&nbsp;<\/strong><strong>dengue<\/strong><strong>&nbsp;de 29\/12\/24 a 18\/01\/25<\/strong><\/p>\n\n\n\n<ul>\n<li>Notificados: 356<\/li>\n\n\n\n<li>Confirmados: 271<\/li>\n\n\n\n<li>\u00d3bitos confirmados: 0<\/li>\n\n\n\n<li>\u00d3bitos investiga\u00e7\u00e3o: 1<\/li>\n<\/ul>\n\n\n\n<p><strong>Casos de&nbsp;<\/strong><strong>chikungunya<\/strong><strong>&nbsp;de 29\/12\/24 a 18\/01\/25<\/strong><\/p>\n\n\n\n<ul>\n<li>Notificados: 326<\/li>\n\n\n\n<li>Confirmados: 302<\/li>\n\n\n\n<li>\u00d3bitos confirmados: 2<\/li>\n\n\n\n<li>\u00d3bito em investiga\u00e7\u00e3o: 2<\/li>\n<\/ul>\n\n\n\n<p>g1-MT<\/p>\n","protected":false},"excerpt":{"rendered":"<p>O prefeito de&nbsp;Cuiab\u00e1, Abilio Brunini (PL) assinou, nesta quinta-feira (23), o decreto que estabelece&nbsp;estado de emerg\u00eancia na \u00e1rea da Sa\u00fade P\u00fablica da capital devido ao risco de&nbsp;epidemia de arboviroses, como&nbsp;dengue e chikungunya. A medida foi tomada com base no cen\u00e1rio epidemiol\u00f3gico atual, que registra um aumento expressivo de casos dessas doen\u00e7as, conforme dados do Sistema [&hellip;]<\/p>\n","protected":false},"author":2,"featured_media":8018,"comment_status":"closed","ping_status":"closed","sticky":false,"template":"","format":"standard","meta":{"_monsterinsights_skip_tracking":false,"_monsterinsights_sitenote_active":false,"_monsterinsights_sitenote_note":"","_monsterinsights_sitenote_category":0,"footnotes":""},"categories":[36,1],"tags":[],"_links":{"self":[{"href":"https:\/\/nazarenonews.com.br\/index.php\/wp-json\/wp\/v2\/posts\/8024"}],"collection":[{"href":"https:\/\/nazarenonews.com.br\/index.php\/wp-json\/wp\/v2\/posts"}],"about":[{"href":"https:\/\/nazarenonews.com.br\/index.php\/wp-json\/wp\/v2\/types\/post"}],"author":[{"embeddable":true,"href":"https:\/\/nazarenonews.com.br\/index.php\/wp-json\/wp\/v2\/users\/2"}],"replies":[{"embeddable":true,"href":"https:\/\/nazarenonews.com.br\/index.php\/wp-json\/wp\/v2\/comments?post=8024"}],"version-history":[{"count":1,"href":"https:\/\/nazarenonews.com.br\/index.php\/wp-json\/wp\/v2\/posts\/8024\/revisions"}],"predecessor-version":[{"id":8025,"href":"https:\/\/nazarenonews.com.br\/index.php\/wp-json\/wp\/v2\/posts\/8024\/revisions\/8025"}],"wp:featuredmedia":[{"embeddable":true,"href":"https:\/\/nazarenonews.com.br\/index.php\/wp-json\/wp\/v2\/media\/8018"}],"wp:attachment":[{"href":"https:\/\/nazarenonews.com.br\/index.php\/wp-json\/wp\/v2\/media?parent=8024"}],"wp:term":[{"taxonomy":"category","embeddable":true,"href":"https:\/\/nazarenonews.com.br\/index.php\/wp-json\/wp\/v2\/categories?post=8024"},{"taxonomy":"post_tag","embeddable":true,"href":"https:\/\/nazarenonews.com.br\/index.php\/wp-json\/wp\/v2\/tags?post=8024"}],"curies":[{"name":"wp","href":"https:\/\/api.w.org\/{rel}","templated":true}]}}