{"id":8021,"date":"2025-01-24T06:48:48","date_gmt":"2025-01-24T10:48:48","guid":{"rendered":"https:\/\/nazarenonews.com.br\/?p=8021"},"modified":"2025-01-24T06:48:48","modified_gmt":"2025-01-24T10:48:48","slug":"crm-critica-ameacas-a-servidores-e-cita-problemas-na-saude-apos-prefeitura-de-cuiaba-mandar-pacientes-de-upa-procurarem-postinhos","status":"publish","type":"post","link":"https:\/\/nazarenonews.com.br\/index.php\/2025\/01\/24\/crm-critica-ameacas-a-servidores-e-cita-problemas-na-saude-apos-prefeitura-de-cuiaba-mandar-pacientes-de-upa-procurarem-postinhos\/","title":{"rendered":"CRM critica amea\u00e7as a servidores e cita problemas na sa\u00fade ap\u00f3s Prefeitura de Cuiab\u00e1 mandar pacientes de UPA procurarem postinhos"},"content":{"rendered":"\n<p>O Conselho Regional de Medicina de Mato Grosso (CRM-MT) se manifestou, nesta quinta-feira (23), contra as declara\u00e7\u00f5es feitas pelo prefeito Abilio Brunini (PL) artibuindo o caos vivido na Sa\u00fade de&nbsp;<a class=\"\" href=\"https:\/\/g1.globo.com\/mt\/mato-grosso\/cidade\/cuiaba\/\">Cuiab\u00e1<\/a>&nbsp;aos m\u00e9dicos. A institui\u00e7\u00e3o tamb\u00e9m criticou e apontou problemas ap\u00f3s o<a class=\"\" href=\"https:\/\/g1.globo.com\/mt\/mato-grosso\/noticia\/2025\/01\/07\/postos-de-saude-voltam-a-atender-sem-agendamento-previo-em-cuiaba.ghtml\">&nbsp;munic\u00edpio pedir que os pacientes procurem os postos de sa\u00fade para atendimento sem agendamento pr\u00e9vio<\/a>.<\/p>\n\n\n\n<p>O<a class=\"\" href=\"https:\/\/g1.globo.com\/mt\/mato-grosso\/\"><strong>&nbsp;g1<\/strong><\/a>&nbsp;tentou contato com a prefeitura, mas n\u00e3o obteve retorno at\u00e9 a publica\u00e7\u00e3o desta reportagem.<\/p>\n\n\n\n<p>O Conselho pontuou que, ao dizer que os pacientes classificados nas UPAs e policl\u00ednicas com classifica\u00e7\u00e3o de risco verde, Abilio d\u00e1 a entender que os pacientes poderiam ser atendidos em unidades b\u00e1sicas, o que, segundo o CRM, n\u00e3o procede.<\/p>\n\n\n\n<p><strong>\u201cAs UBSs funcionam como o consult\u00f3rio do m\u00e9dico, enquanto as UPAs [Unidades de Pronto Atendimento] s\u00e3o os Pronto-Atendimentos dos hospitais. Quando algu\u00e9m tem dor, febre, v\u00f4mitos e outros sintomas, esta pessoa n\u00e3o liga para marcar uma consulta, ela vai ao Pronto-Atendimento\u201d, explica, em nota.<\/strong><\/p>\n\n\n\n<p>Segundo a institui\u00e7\u00e3o, a postura do prefeito&nbsp;tem levado pacientes com problemas mais graves \u00e0s unidades, colocando em risco a vida dessas pessoas. &#8220;Embora sejam menos priorit\u00e1rios que aqueles com classifica\u00e7\u00e3o vermelha ou amarela, estes casos tamb\u00e9m demandam cuidados na pr\u00f3pria UPA\u201d.<\/p>\n\n\n\n<h2 class=\"wp-block-heading\">Agilidade na aten\u00e7\u00e3o prim\u00e1ria<\/h2>\n\n\n\n<p>H\u00e1 duas semanas, quando a prefeitura anunciou a nova medida, a Secretaria Municipal de Sa\u00fade refor\u00e7ou que a nova portaria vale para consultas com m\u00e9dicos, enfermeiros e dentistas que atuam no Sistema \u00danico de Sa\u00fade (SUS), com o intuito de garantir agilidade na aten\u00e7\u00e3o prim\u00e1ria para que as UPAs sejam dispensadas por \u201cmotivos m\u00ednimos\u201d.<\/p>\n\n\n\n<p>No entanto, o Conselho informou que a aten\u00e7\u00e3o prim\u00e1ria \u00e0 Sa\u00fade passou por um desmonte, e atualmente as UBSs n\u00e3o t\u00eam a estrutura necess\u00e1ria para o atendimento adequado aos pacientes e o direito do m\u00e9dico de emitir a Autoriza\u00e7\u00e3o de Interna\u00e7\u00e3o Hospitalar (AIH) foi at\u00e9 mesmo retirado.<\/p>\n\n\n\n<p>\u201c\u00c9 necess\u00e1rio que haja a compreens\u00e3o de que uma consulta em uma UBSs \u00e9 diferente de um atendimento em uma UPA. Comparar, quantitativamente, o n\u00famero de pacientes atendidos como forma de medir a produ\u00e7\u00e3o m\u00e9dica \u00e9 irrespons\u00e1vel. Al\u00e9m do mais, muitas das consultas feitas em uma UBSs acabam sem registro no sistema por falhas do software utilizado pela Prefeitura de Cuiab\u00e1\u201d, explicou.<\/p>\n\n\n\n<h2 class=\"wp-block-heading\">Amea\u00e7a a profissionais<\/h2>\n\n\n\n<p>Nessa quarta-feira (22), Abilio utilizou imagens de c\u00e2meras de seguran\u00e7a para monitorar o fluxo de pacientes nas unidades de sa\u00fade de Cuiab\u00e1 e constatou que a policl\u00ednica do bairro Pedra 90 estava superlotada, enquanto um posto de sa\u00fade pr\u00f3ximo permanecia vazio. A partir disso, o prefeito declarou que tomar\u00e1 medidas rigorosas contra as equipes das Unidades B\u00e1sicas de Sa\u00fade que se recusarem a atender pacientes que buscam atendimento por demanda espont\u00e2nea.<\/p>\n\n\n\n<p>Com isso, na nota, o CRM citou que o comportamento do prefeito, em amea\u00e7ar demitir os profissionais da sa\u00fade, contribui para o aumento no n\u00famero de casos de viol\u00eancia contra m\u00e9dicos.<\/p>\n\n\n\n<p>\u201cAo criminalizar e, inclusive, amea\u00e7ar os profissionais de sa\u00fade de demiss\u00e3o, o prefeito tenta imputar a estas pessoas a situa\u00e7\u00e3o ca\u00f3tica do sistema como um todo e, como em outros epis\u00f3dios, tenta criar uma cortina de fuma\u00e7a, vendendo a ilus\u00e3o de que um problema t\u00e3o complexo possui uma solu\u00e7\u00e3o simples\u201d, apontou.<\/p>\n\n\n\n<p>O CRM-MT informou que continuar\u00e1 vigilante e cobrar\u00e1 a\u00e7\u00f5es que enfrentem a falta de estrutura, organiza\u00e7\u00e3o, recursos e investimentos adequados.<\/p>\n\n\n\n<h2 class=\"wp-block-heading\">Diferen\u00e7a entre UPA e UBS<\/h2>\n\n\n\n<p>A principal diferen\u00e7a entre a UPA e UBS \u00e9 o tipo de atendimento prestado. Enquanto as UBSs s\u00e3o externas para a aten\u00e7\u00e3o prim\u00e1ria, oferecendo servi\u00e7os preventivos e de acompanhamento cont\u00ednuo, as UPAs atendem urg\u00eancias e emerg\u00eancias, focando em estabilizar pacientes que atendem imediatamente. As UBSs s\u00e3o mais indicadas para o tratamento de doen\u00e7as cr\u00f4nicas e preven\u00e7\u00e3o de doen\u00e7as, enquanto as UPAs s\u00e3o preparadas para casos mais graves que precisam de uma resposta r\u00e1pida.<\/p>\n\n\n\n<p><strong>Confira abaixo os principais servi\u00e7os fornecidos em cada unidade:<\/strong><\/p>\n\n\n\n<h2 class=\"wp-block-heading\"><strong>UBS<\/strong><\/h2>\n\n\n\n<ul>\n<li>Consultas m\u00e9dicas para doen\u00e7as simples e acompanhamento de doen\u00e7as cr\u00f4nicas.;<\/li>\n\n\n\n<li>Acompanhamento da sa\u00fade da mulher (pr\u00e9-natal, exames de rotina, planejamento familiar);<\/li>\n\n\n\n<li>Vacina\u00e7\u00e3o infantil e para adultos;<\/li>\n\n\n\n<li>Atendimento odontol\u00f3gico b\u00e1sico e orienta\u00e7\u00f5es de higiene bucal;<\/li>\n\n\n\n<li>Exames de rotina, como aferi\u00e7\u00e3o de press\u00e3o arterial, glicemia e exames preventivos.<\/li>\n<\/ul>\n\n\n\n<h2 class=\"wp-block-heading\">UPA<\/h2>\n\n\n\n<ul>\n<li>Atendimento a emerg\u00eancias m\u00e9dicas, como traumas, infartos e acidentes;<\/li>\n\n\n\n<li>Tratamento de crises respirat\u00f3rias (asma, falta de ar);<\/li>\n\n\n\n<li>Suturas e primeiros socorros para ferimentos mais graves;<\/li>\n\n\n\n<li>Monitoramento e tratamento para intoxica\u00e7\u00f5es e rea\u00e7\u00f5es al\u00e9rgicas graves;<\/li>\n\n\n\n<li>Atendimento a doen\u00e7as agudas com necessidade de estabiliza\u00e7\u00e3o, como febre alta ou dor intensa.<\/li>\n<\/ul>\n\n\n\n<p>g1-MT<\/p>\n","protected":false},"excerpt":{"rendered":"<p>O Conselho Regional de Medicina de Mato Grosso (CRM-MT) se manifestou, nesta quinta-feira (23), contra as declara\u00e7\u00f5es feitas pelo prefeito Abilio Brunini (PL) artibuindo o caos vivido na Sa\u00fade de&nbsp;Cuiab\u00e1&nbsp;aos m\u00e9dicos. A institui\u00e7\u00e3o tamb\u00e9m criticou e apontou problemas ap\u00f3s o&nbsp;munic\u00edpio pedir que os pacientes procurem os postos de sa\u00fade para atendimento sem agendamento pr\u00e9vio. O&nbsp;g1&nbsp;tentou [&hellip;]<\/p>\n","protected":false},"author":2,"featured_media":8022,"comment_status":"closed","ping_status":"closed","sticky":false,"template":"","format":"standard","meta":{"_monsterinsights_skip_tracking":false,"_monsterinsights_sitenote_active":false,"_monsterinsights_sitenote_note":"","_monsterinsights_sitenote_category":0,"footnotes":""},"categories":[36,1,48],"tags":[],"_links":{"self":[{"href":"https:\/\/nazarenonews.com.br\/index.php\/wp-json\/wp\/v2\/posts\/8021"}],"collection":[{"href":"https:\/\/nazarenonews.com.br\/index.php\/wp-json\/wp\/v2\/posts"}],"about":[{"href":"https:\/\/nazarenonews.com.br\/index.php\/wp-json\/wp\/v2\/types\/post"}],"author":[{"embeddable":true,"href":"https:\/\/nazarenonews.com.br\/index.php\/wp-json\/wp\/v2\/users\/2"}],"replies":[{"embeddable":true,"href":"https:\/\/nazarenonews.com.br\/index.php\/wp-json\/wp\/v2\/comments?post=8021"}],"version-history":[{"count":1,"href":"https:\/\/nazarenonews.com.br\/index.php\/wp-json\/wp\/v2\/posts\/8021\/revisions"}],"predecessor-version":[{"id":8023,"href":"https:\/\/nazarenonews.com.br\/index.php\/wp-json\/wp\/v2\/posts\/8021\/revisions\/8023"}],"wp:featuredmedia":[{"embeddable":true,"href":"https:\/\/nazarenonews.com.br\/index.php\/wp-json\/wp\/v2\/media\/8022"}],"wp:attachment":[{"href":"https:\/\/nazarenonews.com.br\/index.php\/wp-json\/wp\/v2\/media?parent=8021"}],"wp:term":[{"taxonomy":"category","embeddable":true,"href":"https:\/\/nazarenonews.com.br\/index.php\/wp-json\/wp\/v2\/categories?post=8021"},{"taxonomy":"post_tag","embeddable":true,"href":"https:\/\/nazarenonews.com.br\/index.php\/wp-json\/wp\/v2\/tags?post=8021"}],"curies":[{"name":"wp","href":"https:\/\/api.w.org\/{rel}","templated":true}]}}