{"id":8013,"date":"2025-01-23T16:14:48","date_gmt":"2025-01-23T20:14:48","guid":{"rendered":"https:\/\/nazarenonews.com.br\/?p=8013"},"modified":"2025-01-23T17:24:55","modified_gmt":"2025-01-23T21:24:55","slug":"piloto-morre-em-queda-de-aviao-agricola-em-mt","status":"publish","type":"post","link":"https:\/\/nazarenonews.com.br\/index.php\/2025\/01\/23\/piloto-morre-em-queda-de-aviao-agricola-em-mt\/","title":{"rendered":"Piloto morre em queda de avi\u00e3o agr\u00edcola em MT"},"content":{"rendered":"\n<p>Um avi\u00e3o agr\u00edcola caiu nesta quinta-feira (23) em uma fazenda de\u00a0<a class=\"\" href=\"https:\/\/g1.globo.com\/mt\/mato-grosso\/cidade\/canarana-mt\/\">Canarana<\/a>, a 838 km de\u00a0<a class=\"\" href=\"https:\/\/g1.globo.com\/mt\/mato-grosso\/cidade\/cuiaba\/\">Cuiab\u00e1<\/a>. O piloto,\u00a0<strong>Jo\u00e3o Edson Belafronte de 69 anos<\/strong>, n\u00e3o resistiu aos ferimentos e morreu ainda no local. Ele\u00a0estava sozinho na aeronave.<\/p>\n\n\n\n<p>Segundo a Per\u00edcia Oficial e Identifica\u00e7\u00e3o T\u00e9cnica (Politec), o acidente ocorreu em uma fazenda a cerca de 100 km do munic\u00edpio, enquanto a v\u00edtima realizava uma pulveriza\u00e7\u00e3o agr\u00edcola. Os pr\u00f3prios trabalhadores do local presenciaram a queda e acionaram a Pol\u00edcia Civil.<\/p>\n\n\n\n<p>De acordo com a Ag\u00eancia Nacional de Avia\u00e7\u00e3o Civil (Anac), a aeronave Cessna Aircraft, matr\u00edcula PR-AAN,\u00a0estava regularizada e registrada como prestadora de servi\u00e7os privados.<\/p>\n\n\n\n<p>O corpo do piloto deve ser levado para o munic\u00edpio de&nbsp;<a class=\"\" href=\"https:\/\/g1.globo.com\/mt\/mato-grosso\/cidade\/agua-boa-mt\/\">\u00c1gua Boa<\/a>&nbsp;para per\u00edcia.<\/p>\n\n\n\n<p>A Pol\u00edcia Civil e Politec est\u00e3o no local. Ainda n\u00e3o se sabe o que causou a queda da aeronave.<\/p>\n\n\n\n<p>g1-MT<\/p>\n","protected":false},"excerpt":{"rendered":"<p>Um avi\u00e3o agr\u00edcola caiu nesta quinta-feira (23) em uma fazenda de\u00a0Canarana, a 838 km de\u00a0Cuiab\u00e1. O piloto,\u00a0Jo\u00e3o Edson Belafronte de 69 anos, n\u00e3o resistiu aos ferimentos e morreu ainda no local. Ele\u00a0estava sozinho na aeronave. Segundo a Per\u00edcia Oficial e Identifica\u00e7\u00e3o T\u00e9cnica (Politec), o acidente ocorreu em uma fazenda a cerca de 100 km do [&hellip;]<\/p>\n","protected":false},"author":2,"featured_media":8020,"comment_status":"closed","ping_status":"closed","sticky":false,"template":"","format":"standard","meta":{"_monsterinsights_skip_tracking":false,"_monsterinsights_sitenote_active":false,"_monsterinsights_sitenote_note":"","_monsterinsights_sitenote_category":0,"footnotes":""},"categories":[51,1],"tags":[],"_links":{"self":[{"href":"https:\/\/nazarenonews.com.br\/index.php\/wp-json\/wp\/v2\/posts\/8013"}],"collection":[{"href":"https:\/\/nazarenonews.com.br\/index.php\/wp-json\/wp\/v2\/posts"}],"about":[{"href":"https:\/\/nazarenonews.com.br\/index.php\/wp-json\/wp\/v2\/types\/post"}],"author":[{"embeddable":true,"href":"https:\/\/nazarenonews.com.br\/index.php\/wp-json\/wp\/v2\/users\/2"}],"replies":[{"embeddable":true,"href":"https:\/\/nazarenonews.com.br\/index.php\/wp-json\/wp\/v2\/comments?post=8013"}],"version-history":[{"count":1,"href":"https:\/\/nazarenonews.com.br\/index.php\/wp-json\/wp\/v2\/posts\/8013\/revisions"}],"predecessor-version":[{"id":8015,"href":"https:\/\/nazarenonews.com.br\/index.php\/wp-json\/wp\/v2\/posts\/8013\/revisions\/8015"}],"wp:featuredmedia":[{"embeddable":true,"href":"https:\/\/nazarenonews.com.br\/index.php\/wp-json\/wp\/v2\/media\/8020"}],"wp:attachment":[{"href":"https:\/\/nazarenonews.com.br\/index.php\/wp-json\/wp\/v2\/media?parent=8013"}],"wp:term":[{"taxonomy":"category","embeddable":true,"href":"https:\/\/nazarenonews.com.br\/index.php\/wp-json\/wp\/v2\/categories?post=8013"},{"taxonomy":"post_tag","embeddable":true,"href":"https:\/\/nazarenonews.com.br\/index.php\/wp-json\/wp\/v2\/tags?post=8013"}],"curies":[{"name":"wp","href":"https:\/\/api.w.org\/{rel}","templated":true}]}}