{"id":8010,"date":"2025-01-23T16:08:58","date_gmt":"2025-01-23T20:08:58","guid":{"rendered":"https:\/\/nazarenonews.com.br\/?p=8010"},"modified":"2025-01-23T17:10:20","modified_gmt":"2025-01-23T21:10:20","slug":"subiu-para-23-o-numero-de-municipios-em-situacao-de-emergencia-por-causa-das-chuvas-em-mt","status":"publish","type":"post","link":"https:\/\/nazarenonews.com.br\/index.php\/2025\/01\/23\/subiu-para-23-o-numero-de-municipios-em-situacao-de-emergencia-por-causa-das-chuvas-em-mt\/","title":{"rendered":"Subiu para 23 o n\u00famero de munic\u00edpios em situa\u00e7\u00e3o de emerg\u00eancia por causa das chuvas em MT"},"content":{"rendered":"\n<p>Subiu para\u00a0<strong>23 o n\u00famero de munic\u00edpios em Mato Grosso que est\u00e3o sob\u00a0<\/strong><a class=\"\" href=\"https:\/\/g1.globo.com\/mt\/mato-grosso\/noticia\/2025\/01\/21\/chuvas-deixam-20-municipios-de-mt-em-situacao-de-emergencia-veja-quais.ghtml\"><strong>decretos<\/strong>\u00a0de situa\u00e7\u00e3o de emerg\u00eancia por causa da chuva,\u00a0<\/a>segundo o boletim divulgado nesta quarta-feira (22), pela Defesa Civil Estadual. Outros 11 est\u00e3o sob monitoramento da Defesa Civil.<\/p>\n\n\n\n<p>Registros feitos por moradores e autoridades de cada regi\u00e3o mostram que as cidades afetadas est\u00e3o sofrendo com\u00a0ruas inundadas, carros atolados, \u00e1rvores ca\u00eddas e fam\u00edlias desabrigadas.<\/p>\n\n\n\n<p>De acordo com o Centro Nacional de Monitoramento e Alertas de Desastres Naturais (Cemaden), o acumulado de chuvas em Mato Grosso nos primeiros 20 dias de janeiro foi de 205,8 mil\u00edmetros, o equivalente a 95% do total de chuvas registradas em todo o m\u00eas de janeiro do ano passado.<\/p>\n\n\n\n<p><strong>O munic\u00edpio de&nbsp;<\/strong><a class=\"\" href=\"https:\/\/g1.globo.com\/mt\/mato-grosso\/cidade\/paranatinga\/\"><strong>Paranatinga<\/strong><\/a><strong>&nbsp;foi um dos mais devastados pelos temporais<\/strong>. A cidade ficou<a class=\"\" href=\"https:\/\/g1.globo.com\/mt\/mato-grosso\/noticia\/2025\/01\/18\/video-crianca-comemora-chegada-de-resgate-em-cidade-inundada-de-mt-o-bombeiro-chegou.ghtml\"><strong>&nbsp;inundada ap\u00f3s o Rio Paranatinga e o Rio Xavantino transbordarem<\/strong><\/a>. Tr\u00eas fam\u00edlias da regi\u00e3o ainda permanecem desabrigadas e est\u00e3o alocadas em um abrigo tempor\u00e1rio montado pela Prefeitura.<\/p>\n\n\n\n<p>As fortes chuvas tamb\u00e9m causaram alagamentos e enchentes nos munic\u00edpios de&nbsp;<a class=\"\" href=\"https:\/\/g1.globo.com\/mt\/mato-grosso\/cidade\/rio-branco-mt\/\">Rio Branco<\/a>&nbsp;e&nbsp;<a class=\"\" href=\"https:\/\/g1.globo.com\/mt\/mato-grosso\/cidade\/salto-do-ceu\/\">Salto do C\u00e9u<\/a>, a 361 km e 383 km de&nbsp;<a class=\"\" href=\"https:\/\/g1.globo.com\/mt\/mato-grosso\/cidade\/cuiaba\/\">Cuiab\u00e1<\/a>&nbsp;respectivamente. As cidades s\u00e3o separadas apenas por uma dist\u00e2ncia de cerca de 10 km.<\/p>\n\n\n\n<p>Em Salto do C\u00e9u, moradores foram surpreendidos por uma cabe\u00e7a d\u2019\u00e1gua na cachoeira central da cidade. J\u00e1 em Rio Branco,\u00a0<a class=\"\" href=\"https:\/\/g1.globo.com\/mt\/mato-grosso\/noticia\/2025\/01\/14\/video-ponte-construida-ha-3-meses-desaba-apos-cidade-de-mt-ser-inundada-com-temporal.ghtml\"><strong>uma ponte desmoronou, transbordando com o volume da \u00e1gua<\/strong><\/a>.<\/p>\n\n\n\n<p>Em nota, o Governo do Estado informou que est\u00e1 entregando\u00a0cestas de alimentos, cobertores, kits de higiene e limpeza, colch\u00f5es e travesseiros\u00a0para as fam\u00edlias necessitadas.<\/p>\n\n\n\n<p><strong>Veja munic\u00edpios de MT que declararam situa\u00e7\u00e3o de emerg\u00eancia:<\/strong><\/p>\n\n\n\n<ol>\n<li><strong>Rio Branco<\/strong><\/li>\n\n\n\n<li><strong>Salto do C\u00e9u<\/strong><\/li>\n\n\n\n<li><strong>Paranatinga<\/strong><\/li>\n\n\n\n<li><strong>Cuiab\u00e1<\/strong><\/li>\n\n\n\n<li><a class=\"\" href=\"https:\/\/g1.globo.com\/mt\/mato-grosso\/cidade\/nova-nazare\/\"><strong>Nova Nazar\u00e9<\/strong><\/a><\/li>\n\n\n\n<li><a class=\"\" href=\"https:\/\/g1.globo.com\/mt\/mato-grosso\/cidade\/alto-paraguai\/\"><strong>Alto Paraguai<\/strong><\/a><\/li>\n\n\n\n<li><a class=\"\" href=\"https:\/\/g1.globo.com\/mt\/mato-grosso\/cidade\/luciara\/\"><strong>Luciara<\/strong><\/a><\/li>\n\n\n\n<li><a class=\"\" href=\"https:\/\/g1.globo.com\/mt\/mato-grosso\/cidade\/chapada-dos-guimaraes\/\"><strong>Chapada dos Guimar\u00e3es<\/strong><\/a><\/li>\n\n\n\n<li><a class=\"\" href=\"https:\/\/g1.globo.com\/mt\/mato-grosso\/cidade\/agua-boa-mt\/\"><strong>\u00c1gua Boa<\/strong><\/a><\/li>\n\n\n\n<li><a class=\"\" href=\"https:\/\/g1.globo.com\/mt\/mato-grosso\/cidade\/arenapolis\/\"><strong>Aren\u00e1polis<\/strong><\/a><\/li>\n\n\n\n<li><a class=\"\" href=\"https:\/\/g1.globo.com\/mt\/mato-grosso\/cidade\/itauba\/\"><strong>Ita\u00faba<\/strong><\/a><\/li>\n\n\n\n<li><a class=\"\" href=\"https:\/\/g1.globo.com\/mt\/mato-grosso\/cidade\/nova-brasilandia\/\"><strong>Nova Brasil\u00e2ndia<\/strong><\/a><\/li>\n\n\n\n<li><a class=\"\" href=\"https:\/\/g1.globo.com\/mt\/mato-grosso\/cidade\/vila-rica\/\"><strong>Vila Rica<\/strong><\/a><\/li>\n\n\n\n<li><strong>\u2060<\/strong><a class=\"\" href=\"https:\/\/g1.globo.com\/mt\/mato-grosso\/cidade\/confresa\/\"><strong>Confresa<\/strong><\/a><\/li>\n\n\n\n<li><a class=\"\" href=\"https:\/\/g1.globo.com\/mt\/mato-grosso\/cidade\/rondolandia\/\"><strong>Rondol\u00e2ndia<\/strong><\/a><\/li>\n\n\n\n<li><a class=\"\" href=\"https:\/\/g1.globo.com\/mt\/mato-grosso\/cidade\/cocalinho\/\"><strong>Cocalinho<\/strong><\/a><\/li>\n\n\n\n<li><a class=\"\" href=\"https:\/\/g1.globo.com\/mt\/mato-grosso\/cidade\/serra-nova-dourada\/\"><strong>Serra Nova Dourada<\/strong><\/a><\/li>\n\n\n\n<li><a class=\"\" href=\"https:\/\/g1.globo.com\/mt\/mato-grosso\/cidade\/novo-santo-antonio-mt\/\"><strong>Novo Santo Ant\u00f4nio<\/strong><\/a><\/li>\n\n\n\n<li><a class=\"\" href=\"https:\/\/g1.globo.com\/mt\/mato-grosso\/cidade\/novo-sao-joaquim\/\"><strong>Novo S\u00e3o Joaquim<\/strong><\/a><\/li>\n\n\n\n<li><a class=\"\" href=\"https:\/\/g1.globo.com\/mt\/mato-grosso\/cidade\/porto-alegre-do-norte\/\"><strong>Porto Alegre do Norte<\/strong><\/a><\/li>\n\n\n\n<li><a class=\"\" href=\"https:\/\/g1.globo.com\/mt\/mato-grosso\/cidade\/canarana-mt\/\"><strong>Canarana<\/strong><\/a><\/li>\n\n\n\n<li><a class=\"\" href=\"https:\/\/g1.globo.com\/mt\/mato-grosso\/cidade\/porto-estrela\/\"><strong>Porto Estrela<\/strong><\/a><\/li>\n\n\n\n<li><a class=\"\" href=\"https:\/\/g1.globo.com\/mt\/mato-grosso\/cidade\/juscimeira\/\"><strong>Juscimeira<\/strong><\/a><\/li>\n<\/ol>\n\n\n\n<p><strong>Munic\u00edpios monitorados:<\/strong><\/p>\n\n\n\n<ol>\n<li><a class=\"\" href=\"https:\/\/g1.globo.com\/mt\/mato-grosso\/cidade\/nossa-senhora-do-livramento\/\"><strong>Nossa Senhora do Livramento<\/strong><\/a><\/li>\n\n\n\n<li><a class=\"\" href=\"https:\/\/g1.globo.com\/mt\/mato-grosso\/cidade\/nobres\/\"><strong>Nobres<\/strong><\/a><\/li>\n\n\n\n<li><a class=\"\" href=\"https:\/\/g1.globo.com\/pe\/caruaru-regiao\/cidade\/santa-terezinha-pe\/\"><strong>Santa Terezinha<\/strong><\/a><\/li>\n\n\n\n<li><a class=\"\" href=\"https:\/\/g1.globo.com\/mt\/mato-grosso\/cidade\/rondonopolis\/\"><strong>Rondon\u00f3polis<\/strong><\/a><\/li>\n\n\n\n<li><a class=\"\" href=\"https:\/\/g1.globo.com\/mt\/mato-grosso\/cidade\/barra-do-bugres\/\"><strong>Barra do Bugres<\/strong><\/a><\/li>\n\n\n\n<li><a class=\"\" href=\"https:\/\/g1.globo.com\/mt\/mato-grosso\/cidade\/campo-novo-do-parecis\/\"><strong>Campo Novo do Parecis<\/strong><\/a><\/li>\n\n\n\n<li><a class=\"\" href=\"https:\/\/g1.globo.com\/mt\/mato-grosso\/cidade\/denise\/\"><strong>Denise<\/strong><\/a><\/li>\n\n\n\n<li><a class=\"\" href=\"https:\/\/g1.globo.com\/mt\/mato-grosso\/cidade\/nova-marilandia\/\"><strong>Nova Maril\u00e2ndia<\/strong><\/a><\/li>\n\n\n\n<li><a class=\"\" href=\"https:\/\/g1.globo.com\/mt\/mato-grosso\/cidade\/nova-olimpia-mt\/\"><strong>Nova Ol\u00edmpia<\/strong><\/a><\/li>\n\n\n\n<li><a class=\"\" href=\"https:\/\/g1.globo.com\/mt\/mato-grosso\/cidade\/sao-jose-do-rio-claro\/\"><strong>S\u00e3o Jos\u00e9 do Rio Claro<\/strong><\/a><\/li>\n\n\n\n<li><a class=\"\" href=\"https:\/\/g1.globo.com\/mt\/mato-grosso\/cidade\/lucas-do-rio-verde\/\"><strong>Lucas do Rio Verde<\/strong><\/a><\/li>\n<\/ol>\n\n\n\n<p>g1-MT<\/p>\n","protected":false},"excerpt":{"rendered":"<p>Subiu para\u00a023 o n\u00famero de munic\u00edpios em Mato Grosso que est\u00e3o sob\u00a0decretos\u00a0de situa\u00e7\u00e3o de emerg\u00eancia por causa da chuva,\u00a0segundo o boletim divulgado nesta quarta-feira (22), pela Defesa Civil Estadual. Outros 11 est\u00e3o sob monitoramento da Defesa Civil. Registros feitos por moradores e autoridades de cada regi\u00e3o mostram que as cidades afetadas est\u00e3o sofrendo com\u00a0ruas inundadas, [&hellip;]<\/p>\n","protected":false},"author":2,"featured_media":8019,"comment_status":"closed","ping_status":"closed","sticky":false,"template":"","format":"standard","meta":{"_monsterinsights_skip_tracking":false,"_monsterinsights_sitenote_active":false,"_monsterinsights_sitenote_note":"","_monsterinsights_sitenote_category":0,"footnotes":""},"categories":[36,1],"tags":[],"_links":{"self":[{"href":"https:\/\/nazarenonews.com.br\/index.php\/wp-json\/wp\/v2\/posts\/8010"}],"collection":[{"href":"https:\/\/nazarenonews.com.br\/index.php\/wp-json\/wp\/v2\/posts"}],"about":[{"href":"https:\/\/nazarenonews.com.br\/index.php\/wp-json\/wp\/v2\/types\/post"}],"author":[{"embeddable":true,"href":"https:\/\/nazarenonews.com.br\/index.php\/wp-json\/wp\/v2\/users\/2"}],"replies":[{"embeddable":true,"href":"https:\/\/nazarenonews.com.br\/index.php\/wp-json\/wp\/v2\/comments?post=8010"}],"version-history":[{"count":1,"href":"https:\/\/nazarenonews.com.br\/index.php\/wp-json\/wp\/v2\/posts\/8010\/revisions"}],"predecessor-version":[{"id":8012,"href":"https:\/\/nazarenonews.com.br\/index.php\/wp-json\/wp\/v2\/posts\/8010\/revisions\/8012"}],"wp:featuredmedia":[{"embeddable":true,"href":"https:\/\/nazarenonews.com.br\/index.php\/wp-json\/wp\/v2\/media\/8019"}],"wp:attachment":[{"href":"https:\/\/nazarenonews.com.br\/index.php\/wp-json\/wp\/v2\/media?parent=8010"}],"wp:term":[{"taxonomy":"category","embeddable":true,"href":"https:\/\/nazarenonews.com.br\/index.php\/wp-json\/wp\/v2\/categories?post=8010"},{"taxonomy":"post_tag","embeddable":true,"href":"https:\/\/nazarenonews.com.br\/index.php\/wp-json\/wp\/v2\/tags?post=8010"}],"curies":[{"name":"wp","href":"https:\/\/api.w.org\/{rel}","templated":true}]}}