{"id":8007,"date":"2025-01-23T16:04:42","date_gmt":"2025-01-23T20:04:42","guid":{"rendered":"https:\/\/nazarenonews.com.br\/?p=8007"},"modified":"2025-01-23T17:07:56","modified_gmt":"2025-01-23T21:07:56","slug":"cuiaba-registra-aumento-de-quase-2000-nos-casos-de-chikungunya-e-decreta-situacao-de-emergencia","status":"publish","type":"post","link":"https:\/\/nazarenonews.com.br\/index.php\/2025\/01\/23\/cuiaba-registra-aumento-de-quase-2000-nos-casos-de-chikungunya-e-decreta-situacao-de-emergencia\/","title":{"rendered":"Cuiab\u00e1 registra aumento de quase 2000% nos casos de Chikungunya e decreta situa\u00e7\u00e3o de emerg\u00eancia"},"content":{"rendered":"\n<p>Cuiab\u00e1 est\u00e1 em situa\u00e7\u00e3o de emerg\u00eancia na Sa\u00fade P\u00fablica em raz\u00e3o do alto n\u00famero de casos de dengue e chikungunya, em Cuiab\u00e1. O decreto foi editado nesta quinta-feira (23) pelo prefeito Abilio Brunini (PL) e tem validade por 60 dias.<\/p>\n\n\n\n<p>De acordo com o documento,&nbsp;<strong>houve aumento de 200% nos casos de dengue e quase 2.000% nos casos de chikungunya<\/strong>. Al\u00e9m disso, o decreto informa que foram identificados casos de circula\u00e7\u00e3o do v\u00edrus Oropouche, que causa sintomas semelhantes aos da dengue.<\/p>\n\n\n\n<p><em><strong>\u201cA evolu\u00e7\u00e3o do Boletim Epidemiol\u00f3gico das semanas entre 29\/12\/24 e 18\/01\/25 expedido pela Secretaria Municipal de Sa\u00fade registrou o aumento de 204% nos casos confirmados de Dengue e 1.913% nos casos de Chikungunya no \u00e2mbito Municipal\u201d<\/strong><\/em>, diz trecho de decreto<\/p>\n\n\n\n<p><em><strong>&#8220;Considerando o cen\u00e1rio epidemiol\u00f3gico atual, onde se registra aumento expressivo de casos notificados de Dengue, chikungunya e outras arboviroses em \u00e2mbito municipal, registrado pelo Sistema de Vigil\u00e2ncia em Sa\u00fade; (&#8230;) Fica declarada situa\u00e7\u00e3o de emerg\u00eancia no \u00e2mbito da Sa\u00fade P\u00fablica do munic\u00edpio de Cuiab\u00e1&#8221;<\/strong><\/em>, acrescenta documento.<\/p>\n\n\n\n<p>A Situa\u00e7\u00e3o de Emerg\u00eancia autoriza o Executivo Municipal a adotar todas as medidas administrativas e assistenciais necess\u00e1rias para combater o aumento das arboviroses, em especial, no diz respeito \u00e0 aquisi\u00e7\u00e3o p\u00fablica de medicamentos e insumos.<\/p>\n\n\n\n<p>Um Comit\u00ea de Opera\u00e7\u00f5es Emergenciais vai ser criado pela Secretaria Municipal de Sa\u00fade para monitorar e gerir a situa\u00e7\u00e3o. O decreto tamb\u00e9m prev\u00ea a contrata\u00e7\u00e3o de pessoal, por tempo determinado, com a finalidade de combater o surto das doen\u00e7as.<\/p>\n\n\n\n<p>Rep\u00f3rter MT<\/p>\n","protected":false},"excerpt":{"rendered":"<p>Cuiab\u00e1 est\u00e1 em situa\u00e7\u00e3o de emerg\u00eancia na Sa\u00fade P\u00fablica em raz\u00e3o do alto n\u00famero de casos de dengue e chikungunya, em Cuiab\u00e1. O decreto foi editado nesta quinta-feira (23) pelo prefeito Abilio Brunini (PL) e tem validade por 60 dias. De acordo com o documento,&nbsp;houve aumento de 200% nos casos de dengue e quase 2.000% [&hellip;]<\/p>\n","protected":false},"author":2,"featured_media":8018,"comment_status":"closed","ping_status":"closed","sticky":false,"template":"","format":"standard","meta":{"_monsterinsights_skip_tracking":false,"_monsterinsights_sitenote_active":false,"_monsterinsights_sitenote_note":"","_monsterinsights_sitenote_category":0,"footnotes":""},"categories":[36,1],"tags":[],"_links":{"self":[{"href":"https:\/\/nazarenonews.com.br\/index.php\/wp-json\/wp\/v2\/posts\/8007"}],"collection":[{"href":"https:\/\/nazarenonews.com.br\/index.php\/wp-json\/wp\/v2\/posts"}],"about":[{"href":"https:\/\/nazarenonews.com.br\/index.php\/wp-json\/wp\/v2\/types\/post"}],"author":[{"embeddable":true,"href":"https:\/\/nazarenonews.com.br\/index.php\/wp-json\/wp\/v2\/users\/2"}],"replies":[{"embeddable":true,"href":"https:\/\/nazarenonews.com.br\/index.php\/wp-json\/wp\/v2\/comments?post=8007"}],"version-history":[{"count":1,"href":"https:\/\/nazarenonews.com.br\/index.php\/wp-json\/wp\/v2\/posts\/8007\/revisions"}],"predecessor-version":[{"id":8009,"href":"https:\/\/nazarenonews.com.br\/index.php\/wp-json\/wp\/v2\/posts\/8007\/revisions\/8009"}],"wp:featuredmedia":[{"embeddable":true,"href":"https:\/\/nazarenonews.com.br\/index.php\/wp-json\/wp\/v2\/media\/8018"}],"wp:attachment":[{"href":"https:\/\/nazarenonews.com.br\/index.php\/wp-json\/wp\/v2\/media?parent=8007"}],"wp:term":[{"taxonomy":"category","embeddable":true,"href":"https:\/\/nazarenonews.com.br\/index.php\/wp-json\/wp\/v2\/categories?post=8007"},{"taxonomy":"post_tag","embeddable":true,"href":"https:\/\/nazarenonews.com.br\/index.php\/wp-json\/wp\/v2\/tags?post=8007"}],"curies":[{"name":"wp","href":"https:\/\/api.w.org\/{rel}","templated":true}]}}