{"id":8004,"date":"2025-01-23T16:02:41","date_gmt":"2025-01-23T20:02:41","guid":{"rendered":"https:\/\/nazarenonews.com.br\/?p=8004"},"modified":"2025-01-23T17:06:27","modified_gmt":"2025-01-23T21:06:27","slug":"delegado-caio-fernando-assume-a-dhpp","status":"publish","type":"post","link":"https:\/\/nazarenonews.com.br\/index.php\/2025\/01\/23\/delegado-caio-fernando-assume-a-dhpp\/","title":{"rendered":"Delegado Caio Fernando assume a DHPP"},"content":{"rendered":"\n<p>O delegado Caio Fernando \u00c1lvares Albuquerque assumiu a titularidade da Delegacia de Homic\u00eddios e Prote\u00e7\u00e3o a Pessoa (DHPP), em Cuiab\u00e1. Ele j\u00e1 atuou como adjunto da especializada durante v\u00e1rios anos e estava como adjunto na delegacia de Repress\u00e3o a Entorpecentes. O an\u00fancio foi feito nesta quinta-feira (23).&nbsp;<\/p>\n\n\n\n<p>Caio assumiu a vaga do delegado Rodrigo Azem, que agora ir\u00e1 chefiar a delegacia especializada de Combate ao Crime Organizado.<\/p>\n\n\n\n<p>A DHPP \u00e9 respons\u00e1vel pela apura\u00e7\u00e3o de crimes contra a vida (homic\u00eddios dolosos consumados e tentados, mortes a esclarecer, suic\u00eddios e desaparecimentos de pessoas) em Cuiab\u00e1, V\u00e1rzea Grande, Acorizal e Nossa Senhora do Livramento.<\/p>\n\n\n\n<p>Rep\u00f3rter MT<\/p>\n","protected":false},"excerpt":{"rendered":"<p>O delegado Caio Fernando \u00c1lvares Albuquerque assumiu a titularidade da Delegacia de Homic\u00eddios e Prote\u00e7\u00e3o a Pessoa (DHPP), em Cuiab\u00e1. Ele j\u00e1 atuou como adjunto da especializada durante v\u00e1rios anos e estava como adjunto na delegacia de Repress\u00e3o a Entorpecentes. O an\u00fancio foi feito nesta quinta-feira (23).&nbsp; Caio assumiu a vaga do delegado Rodrigo Azem, [&hellip;]<\/p>\n","protected":false},"author":2,"featured_media":8017,"comment_status":"closed","ping_status":"closed","sticky":false,"template":"","format":"standard","meta":{"_monsterinsights_skip_tracking":false,"_monsterinsights_sitenote_active":false,"_monsterinsights_sitenote_note":"","_monsterinsights_sitenote_category":0,"footnotes":""},"categories":[1],"tags":[],"_links":{"self":[{"href":"https:\/\/nazarenonews.com.br\/index.php\/wp-json\/wp\/v2\/posts\/8004"}],"collection":[{"href":"https:\/\/nazarenonews.com.br\/index.php\/wp-json\/wp\/v2\/posts"}],"about":[{"href":"https:\/\/nazarenonews.com.br\/index.php\/wp-json\/wp\/v2\/types\/post"}],"author":[{"embeddable":true,"href":"https:\/\/nazarenonews.com.br\/index.php\/wp-json\/wp\/v2\/users\/2"}],"replies":[{"embeddable":true,"href":"https:\/\/nazarenonews.com.br\/index.php\/wp-json\/wp\/v2\/comments?post=8004"}],"version-history":[{"count":1,"href":"https:\/\/nazarenonews.com.br\/index.php\/wp-json\/wp\/v2\/posts\/8004\/revisions"}],"predecessor-version":[{"id":8006,"href":"https:\/\/nazarenonews.com.br\/index.php\/wp-json\/wp\/v2\/posts\/8004\/revisions\/8006"}],"wp:featuredmedia":[{"embeddable":true,"href":"https:\/\/nazarenonews.com.br\/index.php\/wp-json\/wp\/v2\/media\/8017"}],"wp:attachment":[{"href":"https:\/\/nazarenonews.com.br\/index.php\/wp-json\/wp\/v2\/media?parent=8004"}],"wp:term":[{"taxonomy":"category","embeddable":true,"href":"https:\/\/nazarenonews.com.br\/index.php\/wp-json\/wp\/v2\/categories?post=8004"},{"taxonomy":"post_tag","embeddable":true,"href":"https:\/\/nazarenonews.com.br\/index.php\/wp-json\/wp\/v2\/tags?post=8004"}],"curies":[{"name":"wp","href":"https:\/\/api.w.org\/{rel}","templated":true}]}}