{"id":8001,"date":"2025-01-23T16:00:36","date_gmt":"2025-01-23T20:00:36","guid":{"rendered":"https:\/\/nazarenonews.com.br\/?p=8001"},"modified":"2025-01-23T16:56:52","modified_gmt":"2025-01-23T20:56:52","slug":"brasil-e-o-pais-que-mais-tem-assassinatos-cameras-nas-fardas-nao-vao-mudar-isso","status":"publish","type":"post","link":"https:\/\/nazarenonews.com.br\/index.php\/2025\/01\/23\/brasil-e-o-pais-que-mais-tem-assassinatos-cameras-nas-fardas-nao-vao-mudar-isso\/","title":{"rendered":"Brasil \u00e9 o pa\u00eds que mais tem assassinatos; c\u00e2meras nas fardas n\u00e3o v\u00e3o mudar isso"},"content":{"rendered":"\n<p>Em entrevista ao&nbsp;<strong>Conex\u00e3o Poder<\/strong>, o&nbsp;<strong>governador Mauro Mendes<\/strong>&nbsp;classificou o decreto do Governo Lula como um erro, que claramente limita a atua\u00e7\u00e3o da pol\u00edcia ao inv\u00e9s de atacar o crime.<\/p>\n\n\n\n<p>Na entrevista, ele detona a regulamenta\u00e7\u00e3o do uso da for\u00e7a policial, que impede os policiais de atirarem at\u00e9 mesmo em caso de fuga, assim como inibe o uso, em combate, de armamento mais ofensivo do que o dos alvos.<\/p>\n\n\n\n<p>Mauro tamb\u00e9m chama de absurda a medida de uso de c\u00e2meras nas fardas dos policiais, j\u00e1 que n\u00e3o s\u00e3o eles os respons\u00e1veis pelo aumento da criminalidade e destacou ainda a s\u00e9rie de assassinatos que ocorrem por guerra de fac\u00e7\u00f5es.<\/p>\n\n\n\n<p><em><strong>\u201cMais de 40 mil assassinatos no ano passado. O Brasil \u00e9 o pais que mais rouba celular (&#8230;) Colocar c\u00e2mera na farda do policial n\u00e3o vai diminuir a viol\u00eancia\u201d,<\/strong><\/em>\u00a0ressaltou<\/p>\n\n\n\n<p>Rep\u00f3rter MT<\/p>\n","protected":false},"excerpt":{"rendered":"<p>Em entrevista ao&nbsp;Conex\u00e3o Poder, o&nbsp;governador Mauro Mendes&nbsp;classificou o decreto do Governo Lula como um erro, que claramente limita a atua\u00e7\u00e3o da pol\u00edcia ao inv\u00e9s de atacar o crime. Na entrevista, ele detona a regulamenta\u00e7\u00e3o do uso da for\u00e7a policial, que impede os policiais de atirarem at\u00e9 mesmo em caso de fuga, assim como inibe o [&hellip;]<\/p>\n","protected":false},"author":2,"featured_media":8016,"comment_status":"closed","ping_status":"closed","sticky":false,"template":"","format":"standard","meta":{"_monsterinsights_skip_tracking":false,"_monsterinsights_sitenote_active":false,"_monsterinsights_sitenote_note":"","_monsterinsights_sitenote_category":0,"footnotes":""},"categories":[1,48],"tags":[],"_links":{"self":[{"href":"https:\/\/nazarenonews.com.br\/index.php\/wp-json\/wp\/v2\/posts\/8001"}],"collection":[{"href":"https:\/\/nazarenonews.com.br\/index.php\/wp-json\/wp\/v2\/posts"}],"about":[{"href":"https:\/\/nazarenonews.com.br\/index.php\/wp-json\/wp\/v2\/types\/post"}],"author":[{"embeddable":true,"href":"https:\/\/nazarenonews.com.br\/index.php\/wp-json\/wp\/v2\/users\/2"}],"replies":[{"embeddable":true,"href":"https:\/\/nazarenonews.com.br\/index.php\/wp-json\/wp\/v2\/comments?post=8001"}],"version-history":[{"count":1,"href":"https:\/\/nazarenonews.com.br\/index.php\/wp-json\/wp\/v2\/posts\/8001\/revisions"}],"predecessor-version":[{"id":8003,"href":"https:\/\/nazarenonews.com.br\/index.php\/wp-json\/wp\/v2\/posts\/8001\/revisions\/8003"}],"wp:featuredmedia":[{"embeddable":true,"href":"https:\/\/nazarenonews.com.br\/index.php\/wp-json\/wp\/v2\/media\/8016"}],"wp:attachment":[{"href":"https:\/\/nazarenonews.com.br\/index.php\/wp-json\/wp\/v2\/media?parent=8001"}],"wp:term":[{"taxonomy":"category","embeddable":true,"href":"https:\/\/nazarenonews.com.br\/index.php\/wp-json\/wp\/v2\/categories?post=8001"},{"taxonomy":"post_tag","embeddable":true,"href":"https:\/\/nazarenonews.com.br\/index.php\/wp-json\/wp\/v2\/tags?post=8001"}],"curies":[{"name":"wp","href":"https:\/\/api.w.org\/{rel}","templated":true}]}}