{"id":7998,"date":"2025-01-23T11:33:42","date_gmt":"2025-01-23T15:33:42","guid":{"rendered":"https:\/\/nazarenonews.com.br\/?p=7998"},"modified":"2025-01-23T11:33:42","modified_gmt":"2025-01-23T15:33:42","slug":"abilio-se-reune-com-embaixador-ucraniano-para-discutir-projetos","status":"publish","type":"post","link":"https:\/\/nazarenonews.com.br\/index.php\/2025\/01\/23\/abilio-se-reune-com-embaixador-ucraniano-para-discutir-projetos\/","title":{"rendered":"Abilio se re\u00fane com embaixador ucraniano para discutir projetos"},"content":{"rendered":"\n<p>O prefeito e a primeira-dama de Cuiab\u00e1 Abilio Brunini (PL) recebeu, no Pal\u00e1cio Alencastro, o embaixador da Ucr\u00e2nia no Brasil, Andrii Melnyk, nesta quarta-feira (22). Na presen\u00e7a da primeira-dama Samantha \u00cdris, eles discutiram projetos entre a capital mato-grossense e o pa\u00eds europeu.<\/p>\n\n\n\n<p>O encontro definiu o envio de um projeto para a C\u00e2mara Municipal que busca tornar Cuiab\u00e1 &#8220;cidade irm\u00e3&#8221; de Vinnytsia, munic\u00edpio ucraniano, estabelecendo meios para troca de experi\u00eancias, parcerias e coopera\u00e7\u00f5es nos setores culturais, econ\u00f4micos e sociais.<\/p>\n\n\n\n<p>Abilio disse, durante a reuni\u00e3o, que Vinnystsia tem uma similaridade territorial com Cuiab\u00e1, considerando rios, parques e atividade econ\u00f4mica.<\/p>\n\n\n\n<p>\u201cMe solidarizo com o momento. Ningu\u00e9m deseja a guerra e o conflito. Cuiab\u00e1 est\u00e1 de bra\u00e7os abertos. Temos ucranianos aqui. Toda parceria, compartilhamento de tecnologia, estamos abertos e o que pudermos fazer para o povo ucraniano, conte com a gente\u201d, comentou o prefeito.<\/p>\n\n\n\n<p>\u201cHonestamente falando, o governo brasileiro n\u00e3o tem demostrados apoio ao povo ucraniano. Fico feliz com essa recep\u00e7\u00e3o e hospitalidade\u201d, respondeu o embaixador.<\/p>\n\n\n\n<p>Depois da reuni\u00e3o, Abilio e Melnyk trocaram presentes regionais.&nbsp;<\/p>\n\n\n\n<p>O secret\u00e1rio municipal de Turismo, Fernando Medeiros, o adjunto Gustavo Vandoni e a secret\u00e1ria de Comunica\u00e7\u00e3o, Ana Karla, tamb\u00e9m participaram da reuni\u00e3o.<\/p>\n\n\n\n<p>Fonte: Gazeta Digital<\/p>\n\n\n\n<p><a href=\"http:\/\/www.facebook.com\/sharer.php?u=https:\/\/www.gazetadigital.com.br\/editorias\/politica-de-mt\/abilio-se-reune-com-embaixador-ucraniano-para-discutir-projetos\/796504\"><\/a><\/p>\n","protected":false},"excerpt":{"rendered":"<p>O prefeito e a primeira-dama de Cuiab\u00e1 Abilio Brunini (PL) recebeu, no Pal\u00e1cio Alencastro, o embaixador da Ucr\u00e2nia no Brasil, Andrii Melnyk, nesta quarta-feira (22). Na presen\u00e7a da primeira-dama Samantha \u00cdris, eles discutiram projetos entre a capital mato-grossense e o pa\u00eds europeu. O encontro definiu o envio de um projeto para a C\u00e2mara Municipal que [&hellip;]<\/p>\n","protected":false},"author":2,"featured_media":7999,"comment_status":"closed","ping_status":"closed","sticky":false,"template":"","format":"standard","meta":{"_monsterinsights_skip_tracking":false,"_monsterinsights_sitenote_active":false,"_monsterinsights_sitenote_note":"","_monsterinsights_sitenote_category":0,"footnotes":""},"categories":[1],"tags":[],"_links":{"self":[{"href":"https:\/\/nazarenonews.com.br\/index.php\/wp-json\/wp\/v2\/posts\/7998"}],"collection":[{"href":"https:\/\/nazarenonews.com.br\/index.php\/wp-json\/wp\/v2\/posts"}],"about":[{"href":"https:\/\/nazarenonews.com.br\/index.php\/wp-json\/wp\/v2\/types\/post"}],"author":[{"embeddable":true,"href":"https:\/\/nazarenonews.com.br\/index.php\/wp-json\/wp\/v2\/users\/2"}],"replies":[{"embeddable":true,"href":"https:\/\/nazarenonews.com.br\/index.php\/wp-json\/wp\/v2\/comments?post=7998"}],"version-history":[{"count":1,"href":"https:\/\/nazarenonews.com.br\/index.php\/wp-json\/wp\/v2\/posts\/7998\/revisions"}],"predecessor-version":[{"id":8000,"href":"https:\/\/nazarenonews.com.br\/index.php\/wp-json\/wp\/v2\/posts\/7998\/revisions\/8000"}],"wp:featuredmedia":[{"embeddable":true,"href":"https:\/\/nazarenonews.com.br\/index.php\/wp-json\/wp\/v2\/media\/7999"}],"wp:attachment":[{"href":"https:\/\/nazarenonews.com.br\/index.php\/wp-json\/wp\/v2\/media?parent=7998"}],"wp:term":[{"taxonomy":"category","embeddable":true,"href":"https:\/\/nazarenonews.com.br\/index.php\/wp-json\/wp\/v2\/categories?post=7998"},{"taxonomy":"post_tag","embeddable":true,"href":"https:\/\/nazarenonews.com.br\/index.php\/wp-json\/wp\/v2\/tags?post=7998"}],"curies":[{"name":"wp","href":"https:\/\/api.w.org\/{rel}","templated":true}]}}