{"id":7804,"date":"2025-01-20T15:23:41","date_gmt":"2025-01-20T19:23:41","guid":{"rendered":"https:\/\/nazarenonews.com.br\/?p=7804"},"modified":"2025-01-20T16:36:11","modified_gmt":"2025-01-20T20:36:11","slug":"sobe-para-14-o-numero-de-cidades-de-mt-em-situacao-de-emergencia-por-causa-da-chuva","status":"publish","type":"post","link":"https:\/\/nazarenonews.com.br\/index.php\/2025\/01\/20\/sobe-para-14-o-numero-de-cidades-de-mt-em-situacao-de-emergencia-por-causa-da-chuva\/","title":{"rendered":"Sobe para 14 o n\u00famero de cidades de MT em situa\u00e7\u00e3o de emerg\u00eancia por causa da chuva"},"content":{"rendered":"\n<p>Subiu para&nbsp;<strong>14&nbsp;<\/strong>o n\u00famero de munic\u00edpios que declararam&nbsp;<strong>situa\u00e7\u00e3o de emerg\u00eancia<\/strong>&nbsp;em decorr\u00eancia das chuvas, em Mato Grosso.&nbsp;<a class=\"\" href=\"https:\/\/g1.globo.com\/mt\/mato-grosso\/cidade\/confresa\/\">Confresa<\/a>, a 1.160 km de&nbsp;<a class=\"\" href=\"https:\/\/g1.globo.com\/mt\/mato-grosso\/cidade\/cuiaba\/\">Cuiab\u00e1<\/a>, entrou para a lista ap\u00f3s um decreto publicado nesta segunda-feira (20), que alega que o munic\u00edpio est\u00e1 sofrendo com&nbsp;casas e pr\u00e9dios p\u00fablicos alagados, queda de pontes e dificuldade de acesso a \u00e1reas rurais e cidades vizinhas.<\/p>\n\n\n\n<p>V\u00eddeos registrados por moradores e autoridades de cada regi\u00e3o mostram os estragos causados pela chuva no estado. Nas imagens \u00e9 poss\u00edvel ver\u00a0ruas inundadas, carros atolados, \u00e1rvores ca\u00eddas e fam\u00edlias sendo resgatadas.<\/p>\n\n\n\n<p>O munic\u00edpio de&nbsp;<a class=\"\" href=\"https:\/\/g1.globo.com\/mt\/mato-grosso\/cidade\/paranatinga\/\">Paranatinga<\/a>&nbsp;foi um dos mais devastados pelos temporais. A cidade&nbsp;<a class=\"\" href=\"https:\/\/g1.globo.com\/mt\/mato-grosso\/noticia\/2025\/01\/18\/video-crianca-comemora-chegada-de-resgate-em-cidade-inundada-de-mt-o-bombeiro-chegou.ghtml\"><strong>ficou inundada ap\u00f3s o Rio Paranatinga e o Rio Xavantino transbordarem, na \u00faltima sexta-feira (17)<\/strong><\/a>. De acordo com o Corpo de Bombeiros, um acumulado de&nbsp;<strong>135mm de chuva em 24 horas deixou cinco bairros alagados<\/strong>. Ao todo, 71 fam\u00edlias ficaram desabrigadas.<\/p>\n\n\n\n<p>As fortes chuvas tamb\u00e9m causaram alagamentos e enchentes nos munic\u00edpios de&nbsp;<a class=\"\" href=\"https:\/\/g1.globo.com\/mt\/mato-grosso\/cidade\/rio-branco-mt\/\">Rio Branco<\/a>&nbsp;e&nbsp;<a class=\"\" href=\"https:\/\/g1.globo.com\/mt\/mato-grosso\/cidade\/salto-do-ceu\/\">Salto do C\u00e9u<\/a>, a 361 km e 383 km de Cuiab\u00e1 respectivamente. As cidades s\u00e3o separadas apenas por uma dist\u00e2ncia de cerca de 10 km.<\/p>\n\n\n\n<p>Em Salto do C\u00e9u, moradores foram surpreendidos por uma\u00a0<strong>cabe\u00e7a d\u2019\u00e1gua<\/strong>\u00a0na cachoeira central da cidade. J\u00e1 em Rio Branco, uma\u00a0<a class=\"\" href=\"https:\/\/g1.globo.com\/mt\/mato-grosso\/noticia\/2025\/01\/14\/video-ponte-construida-ha-3-meses-desaba-apos-cidade-de-mt-ser-inundada-com-temporal.ghtml\"><strong>ponte desmoronou, transbordando com o volume da \u00e1gua<\/strong><\/a>.<\/p>\n\n\n\n<p><strong>Veja munic\u00edpios de MT que declararam situa\u00e7\u00e3o de emerg\u00eancia:<\/strong><\/p>\n\n\n\n<ol>\n<li><a class=\"\" href=\"https:\/\/g1.globo.com\/mt\/mato-grosso\/cidade\/vila-rica\/\"><strong>Vila Rica<\/strong><\/a><\/li>\n\n\n\n<li><a class=\"\" href=\"https:\/\/g1.globo.com\/mt\/mato-grosso\/cidade\/nova-brasilandia\/\"><strong>Nova Brasil\u00e2ndia<\/strong><\/a><\/li>\n\n\n\n<li><a class=\"\" href=\"https:\/\/g1.globo.com\/mt\/mato-grosso\/cidade\/itauba\/\"><strong>Ita\u00faba<\/strong><\/a><\/li>\n\n\n\n<li><a class=\"\" href=\"https:\/\/g1.globo.com\/mt\/mato-grosso\/cidade\/arenapolis\/\"><strong>Aren\u00e1polis<\/strong><\/a><\/li>\n\n\n\n<li><a class=\"\" href=\"https:\/\/g1.globo.com\/mt\/mato-grosso\/cidade\/agua-boa-mt\/\"><strong>\u00c1gua Boa<\/strong><\/a><\/li>\n\n\n\n<li><a class=\"\" href=\"https:\/\/g1.globo.com\/mt\/mato-grosso\/cidade\/chapada-dos-guimaraes\/\"><strong>Chapada dos Guimar\u00e3es<\/strong><\/a><\/li>\n\n\n\n<li><a class=\"\" href=\"https:\/\/g1.globo.com\/mt\/mato-grosso\/cidade\/luciara\/\"><strong>Luciara<\/strong><\/a><\/li>\n\n\n\n<li><a class=\"\" href=\"https:\/\/g1.globo.com\/mt\/mato-grosso\/cidade\/alto-paraguai\/\"><strong>Alto Paraguai<\/strong><\/a><\/li>\n\n\n\n<li><a class=\"\" href=\"https:\/\/g1.globo.com\/mt\/mato-grosso\/cidade\/nova-nazare\/\"><strong>Nova Nazar\u00e9<\/strong><\/a><\/li>\n\n\n\n<li><strong>Cuiab\u00e1<\/strong><\/li>\n\n\n\n<li><strong>Paranatinga<\/strong><\/li>\n\n\n\n<li><strong>Salto do C\u00e9u<\/strong><\/li>\n\n\n\n<li><strong>Rio Branco<\/strong><\/li>\n\n\n\n<li><strong>Confresa<\/strong><\/li>\n<\/ol>\n\n\n\n<p>g1-MT<\/p>\n","protected":false},"excerpt":{"rendered":"<p>Subiu para&nbsp;14&nbsp;o n\u00famero de munic\u00edpios que declararam&nbsp;situa\u00e7\u00e3o de emerg\u00eancia&nbsp;em decorr\u00eancia das chuvas, em Mato Grosso.&nbsp;Confresa, a 1.160 km de&nbsp;Cuiab\u00e1, entrou para a lista ap\u00f3s um decreto publicado nesta segunda-feira (20), que alega que o munic\u00edpio est\u00e1 sofrendo com&nbsp;casas e pr\u00e9dios p\u00fablicos alagados, queda de pontes e dificuldade de acesso a \u00e1reas rurais e cidades vizinhas. [&hellip;]<\/p>\n","protected":false},"author":2,"featured_media":7783,"comment_status":"closed","ping_status":"closed","sticky":false,"template":"","format":"standard","meta":{"_monsterinsights_skip_tracking":false,"_monsterinsights_sitenote_active":false,"_monsterinsights_sitenote_note":"","_monsterinsights_sitenote_category":0,"footnotes":""},"categories":[1],"tags":[],"_links":{"self":[{"href":"https:\/\/nazarenonews.com.br\/index.php\/wp-json\/wp\/v2\/posts\/7804"}],"collection":[{"href":"https:\/\/nazarenonews.com.br\/index.php\/wp-json\/wp\/v2\/posts"}],"about":[{"href":"https:\/\/nazarenonews.com.br\/index.php\/wp-json\/wp\/v2\/types\/post"}],"author":[{"embeddable":true,"href":"https:\/\/nazarenonews.com.br\/index.php\/wp-json\/wp\/v2\/users\/2"}],"replies":[{"embeddable":true,"href":"https:\/\/nazarenonews.com.br\/index.php\/wp-json\/wp\/v2\/comments?post=7804"}],"version-history":[{"count":1,"href":"https:\/\/nazarenonews.com.br\/index.php\/wp-json\/wp\/v2\/posts\/7804\/revisions"}],"predecessor-version":[{"id":7806,"href":"https:\/\/nazarenonews.com.br\/index.php\/wp-json\/wp\/v2\/posts\/7804\/revisions\/7806"}],"wp:featuredmedia":[{"embeddable":true,"href":"https:\/\/nazarenonews.com.br\/index.php\/wp-json\/wp\/v2\/media\/7783"}],"wp:attachment":[{"href":"https:\/\/nazarenonews.com.br\/index.php\/wp-json\/wp\/v2\/media?parent=7804"}],"wp:term":[{"taxonomy":"category","embeddable":true,"href":"https:\/\/nazarenonews.com.br\/index.php\/wp-json\/wp\/v2\/categories?post=7804"},{"taxonomy":"post_tag","embeddable":true,"href":"https:\/\/nazarenonews.com.br\/index.php\/wp-json\/wp\/v2\/tags?post=7804"}],"curies":[{"name":"wp","href":"https:\/\/api.w.org\/{rel}","templated":true}]}}