{"id":7801,"date":"2025-01-20T14:39:25","date_gmt":"2025-01-20T18:39:25","guid":{"rendered":"https:\/\/nazarenonews.com.br\/?p=7801"},"modified":"2025-01-20T16:35:22","modified_gmt":"2025-01-20T20:35:22","slug":"juiza-mantem-prisao-de-homem-que-deu-golpe-com-pa-na-cabeca-de-vitima","status":"publish","type":"post","link":"https:\/\/nazarenonews.com.br\/index.php\/2025\/01\/20\/juiza-mantem-prisao-de-homem-que-deu-golpe-com-pa-na-cabeca-de-vitima\/","title":{"rendered":"Ju\u00edza mant\u00e9m pris\u00e3o de homem que deu golpe com p\u00e1 na cabe\u00e7a de v\u00edtima"},"content":{"rendered":"\n<p>Ju\u00edza Ros\u00e2ngela Zacarkim dos Santos, do Plant\u00e3o da Comarca de Sinop (500 km a Norte), manteve a pris\u00e3o do homem que deu um golpe com uma p\u00e1 na cabe\u00e7a do funcion\u00e1rio de um supermercado na noite de s\u00e1bado (18). A magistrada considerou a periculosidade do suspeito e a gravidade dos fatos.<\/p>\n\n\n\n<p>De acordo com os autos, o suspeito teria ido ao supermercado j\u00e1 com a inten\u00e7\u00e3o de agredir a v\u00edtima. Ele pegou uma p\u00e1 e, sem qualquer di\u00e1logo, deu um golpe na cabe\u00e7a do homem de 43 anos, atingindo orelha e ouvido e provocando sangramento. O suspeito alegou que de tanto ouvir as reclama\u00e7\u00f5es da sua esposa sobre o gerente, decidiu sair de casa para agredi-lo.<\/p>\n\n\n\n<p>O suspeito foi preso em flagrante pelo crime de tentativa de homic\u00eddio e a audi\u00eancia de cust\u00f3dia foi realizada \u00e0s 15h45 desse domingo (19). A magistrada considerou que a pris\u00e3o cumpriu todos os requisitos legais.<\/p>\n\n\n\n<p>\u201cA gravidade da conduta praticada, em tese, pelo flagrado est\u00e1 revelada diante das circunst\u00e2ncias em que foi desenvolvida a a\u00e7\u00e3o, uma vez que ele foi at\u00e9 o estabelecimento onde a v\u00edtima trabalha, ambiente de grande movimenta\u00e7\u00e3o de pessoas, se apossou de uma ferramenta do pr\u00f3prio estabelecimento, demonstrando, assim, maior ousadia criminosa e evidenciando sua periculosidade e, em seguida, foi em dire\u00e7\u00e3o \u00e0 v\u00edtima onde desferiu, de inopino, um golpe com emprego de extrema viol\u00eancia, sem que a v\u00edtima pudesse se defender, pois estava de costas e falando ao telefone, revelando a brutalidade do comportamento, que, \u00e0 evid\u00eancia, p\u00f5e em risco a pr\u00f3pria garantia da ordem p\u00fablica\u201d, pontuou a ju\u00edza.<\/p>\n\n\n\n<p>A magistrada tamb\u00e9m justificou que a pris\u00e3o preventiva do homem \u00e9 necess\u00e1ria para resguardar a integridade f\u00edsica da v\u00edtima, j\u00e1 que \u201c\u00e9 certo o perigo gerado pelo estado de liberdade do autuado\u201d e que as provas dos autos s\u00e3o suficientes para apontar a periculosidade do suspeito. Ela ent\u00e3o homologou a pris\u00e3o em flagrante e a converteu em preventiva.<\/p>\n\n\n\n<p>\u201cTenho que as medidas cautelares diversas da pris\u00e3o (&#8230;), revelam-se insuficientes e inadequadas ao presente caso, dada a gravidade dos fatos praticados e a periculosidade de seu suposto autor, de modo que, a decreta\u00e7\u00e3o de sua contri\u00e7\u00e3o cautelar \u00e9 medida de rigor\u201d, disse.<\/p>\n\n\n\n<p>Gazeta digital<\/p>\n","protected":false},"excerpt":{"rendered":"<p>Ju\u00edza Ros\u00e2ngela Zacarkim dos Santos, do Plant\u00e3o da Comarca de Sinop (500 km a Norte), manteve a pris\u00e3o do homem que deu um golpe com uma p\u00e1 na cabe\u00e7a do funcion\u00e1rio de um supermercado na noite de s\u00e1bado (18). A magistrada considerou a periculosidade do suspeito e a gravidade dos fatos. De acordo com os [&hellip;]<\/p>\n","protected":false},"author":2,"featured_media":7815,"comment_status":"closed","ping_status":"closed","sticky":false,"template":"","format":"standard","meta":{"_monsterinsights_skip_tracking":false,"_monsterinsights_sitenote_active":false,"_monsterinsights_sitenote_note":"","_monsterinsights_sitenote_category":0,"footnotes":""},"categories":[36,1],"tags":[],"_links":{"self":[{"href":"https:\/\/nazarenonews.com.br\/index.php\/wp-json\/wp\/v2\/posts\/7801"}],"collection":[{"href":"https:\/\/nazarenonews.com.br\/index.php\/wp-json\/wp\/v2\/posts"}],"about":[{"href":"https:\/\/nazarenonews.com.br\/index.php\/wp-json\/wp\/v2\/types\/post"}],"author":[{"embeddable":true,"href":"https:\/\/nazarenonews.com.br\/index.php\/wp-json\/wp\/v2\/users\/2"}],"replies":[{"embeddable":true,"href":"https:\/\/nazarenonews.com.br\/index.php\/wp-json\/wp\/v2\/comments?post=7801"}],"version-history":[{"count":1,"href":"https:\/\/nazarenonews.com.br\/index.php\/wp-json\/wp\/v2\/posts\/7801\/revisions"}],"predecessor-version":[{"id":7803,"href":"https:\/\/nazarenonews.com.br\/index.php\/wp-json\/wp\/v2\/posts\/7801\/revisions\/7803"}],"wp:featuredmedia":[{"embeddable":true,"href":"https:\/\/nazarenonews.com.br\/index.php\/wp-json\/wp\/v2\/media\/7815"}],"wp:attachment":[{"href":"https:\/\/nazarenonews.com.br\/index.php\/wp-json\/wp\/v2\/media?parent=7801"}],"wp:term":[{"taxonomy":"category","embeddable":true,"href":"https:\/\/nazarenonews.com.br\/index.php\/wp-json\/wp\/v2\/categories?post=7801"},{"taxonomy":"post_tag","embeddable":true,"href":"https:\/\/nazarenonews.com.br\/index.php\/wp-json\/wp\/v2\/tags?post=7801"}],"curies":[{"name":"wp","href":"https:\/\/api.w.org\/{rel}","templated":true}]}}