{"id":7787,"date":"2025-01-20T10:09:00","date_gmt":"2025-01-20T14:09:00","guid":{"rendered":"https:\/\/nazarenonews.com.br\/?p=7787"},"modified":"2025-01-20T10:47:43","modified_gmt":"2025-01-20T14:47:43","slug":"abilio-vai-manter-os-radares-nas-ruas-da-capital-e-diz-que-vai-remodelar","status":"publish","type":"post","link":"https:\/\/nazarenonews.com.br\/index.php\/2025\/01\/20\/abilio-vai-manter-os-radares-nas-ruas-da-capital-e-diz-que-vai-remodelar\/","title":{"rendered":"Abilio vai manter os radares nas ruas da Capital e diz que vai &#8220;remodelar&#8221;"},"content":{"rendered":"\n<p>O prefeito Abilio Brunini (PL) disse que vai manter os radares de Cuiab\u00e1. Em entrevista nesta ter\u00e7a-feira (14), ele afirmou que ser\u00e1 realizado um estudo para remodelar a forma como esses aparelhos s\u00e3o distribu\u00eddos no per\u00edmetro urbano da cidade.<\/p>\n\n\n\n<p>Durante a campanha, Abilio prometeu que iria reformular os chamados \u201cpardais\u201d e proibir os agentes da Secretaria Municipal de Mobilidade Urbana (Semob) de guinchar os ve\u00edculos dos motoristas cuiabanos.&nbsp;<\/p>\n\n\n\n<p><strong><em>\u201cA gente quer mudar a forma, a gente quer que tenha o demarcador de velocidade, qual foi a velocidade que voc\u00ea passou e que voc\u00ea identifique isso e que ele s\u00f3 tenha em lugares que comprometam de fato a seguran\u00e7a do motorista ou do pedestre\u201d<\/em><\/strong>, afirmou \u00e0 r\u00e1dio CBN Cuiab\u00e1.<\/p>\n\n\n\n<p><strong><em>\u201cA gente tem que fazer os levantamentos e estudos, daqui a pouco a gente apresenta uma solu\u00e7\u00e3o para a situa\u00e7\u00e3o dos radares\u201d<\/em><\/strong>, acrescentou.<\/p>\n\n\n\n<p>Abilio disse que \u00e9 preciso rever os modelos dos aparelhos, para que o motorista consiga ver qual \u00e9 a velocidade registrada, al\u00e9m de acabar com o que chamou de modelo \u201cca\u00e7a-n\u00edquel\u201d, quando os aparelhos s\u00e3o posicionados de forma estrat\u00e9gica para prejudicar o cidad\u00e3o.<\/p>\n\n\n\n<p><em><strong>\u201cTem radares que est\u00e3o posicionados em lugares que a gente entende que \u00e9 quase um ca\u00e7a-n\u00edquel, ent\u00e3o a gente entende que precisa remodelar a forma de aplica\u00e7\u00e3o dos radares\u201d<\/strong><\/em>, concluiu.<\/p>\n\n\n\n<p>Rep\u00f3rter MT<\/p>\n","protected":false},"excerpt":{"rendered":"<p>O prefeito Abilio Brunini (PL) disse que vai manter os radares de Cuiab\u00e1. Em entrevista nesta ter\u00e7a-feira (14), ele afirmou que ser\u00e1 realizado um estudo para remodelar a forma como esses aparelhos s\u00e3o distribu\u00eddos no per\u00edmetro urbano da cidade. Durante a campanha, Abilio prometeu que iria reformular os chamados \u201cpardais\u201d e proibir os agentes da [&hellip;]<\/p>\n","protected":false},"author":2,"featured_media":7789,"comment_status":"closed","ping_status":"closed","sticky":false,"template":"","format":"standard","meta":{"_monsterinsights_skip_tracking":false,"_monsterinsights_sitenote_active":false,"_monsterinsights_sitenote_note":"","_monsterinsights_sitenote_category":0,"footnotes":""},"categories":[36,1,48],"tags":[],"_links":{"self":[{"href":"https:\/\/nazarenonews.com.br\/index.php\/wp-json\/wp\/v2\/posts\/7787"}],"collection":[{"href":"https:\/\/nazarenonews.com.br\/index.php\/wp-json\/wp\/v2\/posts"}],"about":[{"href":"https:\/\/nazarenonews.com.br\/index.php\/wp-json\/wp\/v2\/types\/post"}],"author":[{"embeddable":true,"href":"https:\/\/nazarenonews.com.br\/index.php\/wp-json\/wp\/v2\/users\/2"}],"replies":[{"embeddable":true,"href":"https:\/\/nazarenonews.com.br\/index.php\/wp-json\/wp\/v2\/comments?post=7787"}],"version-history":[{"count":2,"href":"https:\/\/nazarenonews.com.br\/index.php\/wp-json\/wp\/v2\/posts\/7787\/revisions"}],"predecessor-version":[{"id":7797,"href":"https:\/\/nazarenonews.com.br\/index.php\/wp-json\/wp\/v2\/posts\/7787\/revisions\/7797"}],"wp:featuredmedia":[{"embeddable":true,"href":"https:\/\/nazarenonews.com.br\/index.php\/wp-json\/wp\/v2\/media\/7789"}],"wp:attachment":[{"href":"https:\/\/nazarenonews.com.br\/index.php\/wp-json\/wp\/v2\/media?parent=7787"}],"wp:term":[{"taxonomy":"category","embeddable":true,"href":"https:\/\/nazarenonews.com.br\/index.php\/wp-json\/wp\/v2\/categories?post=7787"},{"taxonomy":"post_tag","embeddable":true,"href":"https:\/\/nazarenonews.com.br\/index.php\/wp-json\/wp\/v2\/tags?post=7787"}],"curies":[{"name":"wp","href":"https:\/\/api.w.org\/{rel}","templated":true}]}}