{"id":7779,"date":"2025-01-20T09:21:43","date_gmt":"2025-01-20T13:21:43","guid":{"rendered":"https:\/\/nazarenonews.com.br\/?p=7779"},"modified":"2025-01-20T10:44:17","modified_gmt":"2025-01-20T14:44:17","slug":"menina-e-levada-pela-correnteza-em-banho-de-rio-com-irmaos","status":"publish","type":"post","link":"https:\/\/nazarenonews.com.br\/index.php\/2025\/01\/20\/menina-e-levada-pela-correnteza-em-banho-de-rio-com-irmaos\/","title":{"rendered":"Menina \u00e9 levada pela correnteza em banho de rio com irm\u00e3os"},"content":{"rendered":"\n<p>Uma menina de 10 anos desapareceu nas \u00e1guas do rio Jauru em Porto Esperidi\u00e3o (326 km a oeste de Cuiab\u00e1), na tarde desse domingo (19), durante banho com os dois irm\u00e3os.<\/p>\n\n\n\n<p>Conforme o boletim de ocorr\u00eancia, o Corpo de Bombeiros foi acionado \u00e0s 15h para atender um afogamento na regi\u00e3o da prainha.<\/p>\n\n\n\n<p>Ao chegar no local, o irm\u00e3o da v\u00edtima relatou que ele e as duas irm\u00e3s estavam tomando banho na parte de baixo do rio quando ele decidiu ir para cima e escutou os gritos de uma das meninas.<\/p>\n\n\n\n<p>Ao ir verificar viu a v\u00edtima gritando e se debatendo, ele pulou na \u00e1gua para a salvar, por\u00e9m, com a for\u00e7a da correnteza ela rodou e desapareceu.<\/p>\n\n\n\n<p>De imediato foi dado in\u00edcio as buscas, mas sem \u00eaxito, os bombeiros continuam a procurar nesta segunda-feira (20).\u00a0<\/p>\n\n\n\n<p>Gazeta digital<\/p>\n","protected":false},"excerpt":{"rendered":"<p>Uma menina de 10 anos desapareceu nas \u00e1guas do rio Jauru em Porto Esperidi\u00e3o (326 km a oeste de Cuiab\u00e1), na tarde desse domingo (19), durante banho com os dois irm\u00e3os. Conforme o boletim de ocorr\u00eancia, o Corpo de Bombeiros foi acionado \u00e0s 15h para atender um afogamento na regi\u00e3o da prainha. Ao chegar no [&hellip;]<\/p>\n","protected":false},"author":2,"featured_media":7796,"comment_status":"closed","ping_status":"closed","sticky":false,"template":"","format":"standard","meta":{"_monsterinsights_skip_tracking":false,"_monsterinsights_sitenote_active":false,"_monsterinsights_sitenote_note":"","_monsterinsights_sitenote_category":0,"footnotes":""},"categories":[36,1],"tags":[],"_links":{"self":[{"href":"https:\/\/nazarenonews.com.br\/index.php\/wp-json\/wp\/v2\/posts\/7779"}],"collection":[{"href":"https:\/\/nazarenonews.com.br\/index.php\/wp-json\/wp\/v2\/posts"}],"about":[{"href":"https:\/\/nazarenonews.com.br\/index.php\/wp-json\/wp\/v2\/types\/post"}],"author":[{"embeddable":true,"href":"https:\/\/nazarenonews.com.br\/index.php\/wp-json\/wp\/v2\/users\/2"}],"replies":[{"embeddable":true,"href":"https:\/\/nazarenonews.com.br\/index.php\/wp-json\/wp\/v2\/comments?post=7779"}],"version-history":[{"count":1,"href":"https:\/\/nazarenonews.com.br\/index.php\/wp-json\/wp\/v2\/posts\/7779\/revisions"}],"predecessor-version":[{"id":7781,"href":"https:\/\/nazarenonews.com.br\/index.php\/wp-json\/wp\/v2\/posts\/7779\/revisions\/7781"}],"wp:featuredmedia":[{"embeddable":true,"href":"https:\/\/nazarenonews.com.br\/index.php\/wp-json\/wp\/v2\/media\/7796"}],"wp:attachment":[{"href":"https:\/\/nazarenonews.com.br\/index.php\/wp-json\/wp\/v2\/media?parent=7779"}],"wp:term":[{"taxonomy":"category","embeddable":true,"href":"https:\/\/nazarenonews.com.br\/index.php\/wp-json\/wp\/v2\/categories?post=7779"},{"taxonomy":"post_tag","embeddable":true,"href":"https:\/\/nazarenonews.com.br\/index.php\/wp-json\/wp\/v2\/tags?post=7779"}],"curies":[{"name":"wp","href":"https:\/\/api.w.org\/{rel}","templated":true}]}}