{"id":7767,"date":"2025-01-20T07:29:50","date_gmt":"2025-01-20T11:29:50","guid":{"rendered":"https:\/\/nazarenonews.com.br\/?p=7767"},"modified":"2025-01-20T10:16:02","modified_gmt":"2025-01-20T14:16:02","slug":"vereador-que-ameacou-matar-a-ex-esposa-a-facadas-e-solto-em-audiencia-de-custodia","status":"publish","type":"post","link":"https:\/\/nazarenonews.com.br\/index.php\/2025\/01\/20\/vereador-que-ameacou-matar-a-ex-esposa-a-facadas-e-solto-em-audiencia-de-custodia\/","title":{"rendered":"Vereador que amea\u00e7ou matar a ex-esposa a facadas \u00e9 solto em audi\u00eancia de cust\u00f3dia"},"content":{"rendered":"\n<p>O vereador Ademir Dias da Silva, de 48 anos, conhecido popularmente como Demoka (Uni\u00e3o Brasil), foi solto ap\u00f3s passar por audi\u00eancia de cust\u00f3dia. Ele havia sido preso&nbsp;na manh\u00e3 dessa quinta-feira (16), no munic\u00edpio de Nova Santa Helena (a 600 km de Cuiab\u00e1), ap\u00f3s amea\u00e7ar matar a ex-esposa a facadas. Horas depois, a Justi\u00e7a o colocou em liberdade.<\/p>\n\n\n\n<p>Demoka e a ex-esposa foram casados por cerca de 25 anos, contudo, desde outubro de 2024, a mulher j\u00e1 pediu v\u00e1rias medidas protetivas contra o vereador.<\/p>\n\n\n\n<p>Na \u00faltima ocasi\u00e3o, quando foi preso pela Pol\u00edcia Civil, Ademir descumpriu a determina\u00e7\u00e3o de que n\u00e3o se aproximar da ex-esposa e a amea\u00e7ou com uma faca.<\/p>\n\n\n\n<p>Antes de amea\u00e7ar a ex-companheira, o parlamentar j\u00e1 respondia por outro inqu\u00e9rito policial, quando foi instaurada a medida protetiva pela v\u00edtima.<\/p>\n\n\n\n<p>Ademir foi reeleito com 134 votos nas elei\u00e7\u00f5es municipais do ano passado e atua como presidente da C\u00e2mara de Vereadores de Nova Santa Helena.<\/p>\n\n\n\n<p>Rep\u00f3rter MT<\/p>\n","protected":false},"excerpt":{"rendered":"<p>O vereador Ademir Dias da Silva, de 48 anos, conhecido popularmente como Demoka (Uni\u00e3o Brasil), foi solto ap\u00f3s passar por audi\u00eancia de cust\u00f3dia. Ele havia sido preso&nbsp;na manh\u00e3 dessa quinta-feira (16), no munic\u00edpio de Nova Santa Helena (a 600 km de Cuiab\u00e1), ap\u00f3s amea\u00e7ar matar a ex-esposa a facadas. Horas depois, a Justi\u00e7a o colocou [&hellip;]<\/p>\n","protected":false},"author":2,"featured_media":7791,"comment_status":"closed","ping_status":"closed","sticky":false,"template":"","format":"standard","meta":{"_monsterinsights_skip_tracking":false,"_monsterinsights_sitenote_active":false,"_monsterinsights_sitenote_note":"","_monsterinsights_sitenote_category":0,"footnotes":""},"categories":[51,1,48],"tags":[],"_links":{"self":[{"href":"https:\/\/nazarenonews.com.br\/index.php\/wp-json\/wp\/v2\/posts\/7767"}],"collection":[{"href":"https:\/\/nazarenonews.com.br\/index.php\/wp-json\/wp\/v2\/posts"}],"about":[{"href":"https:\/\/nazarenonews.com.br\/index.php\/wp-json\/wp\/v2\/types\/post"}],"author":[{"embeddable":true,"href":"https:\/\/nazarenonews.com.br\/index.php\/wp-json\/wp\/v2\/users\/2"}],"replies":[{"embeddable":true,"href":"https:\/\/nazarenonews.com.br\/index.php\/wp-json\/wp\/v2\/comments?post=7767"}],"version-history":[{"count":1,"href":"https:\/\/nazarenonews.com.br\/index.php\/wp-json\/wp\/v2\/posts\/7767\/revisions"}],"predecessor-version":[{"id":7769,"href":"https:\/\/nazarenonews.com.br\/index.php\/wp-json\/wp\/v2\/posts\/7767\/revisions\/7769"}],"wp:featuredmedia":[{"embeddable":true,"href":"https:\/\/nazarenonews.com.br\/index.php\/wp-json\/wp\/v2\/media\/7791"}],"wp:attachment":[{"href":"https:\/\/nazarenonews.com.br\/index.php\/wp-json\/wp\/v2\/media?parent=7767"}],"wp:term":[{"taxonomy":"category","embeddable":true,"href":"https:\/\/nazarenonews.com.br\/index.php\/wp-json\/wp\/v2\/categories?post=7767"},{"taxonomy":"post_tag","embeddable":true,"href":"https:\/\/nazarenonews.com.br\/index.php\/wp-json\/wp\/v2\/tags?post=7767"}],"curies":[{"name":"wp","href":"https:\/\/api.w.org\/{rel}","templated":true}]}}