{"id":7764,"date":"2025-01-20T07:20:59","date_gmt":"2025-01-20T11:20:59","guid":{"rendered":"https:\/\/nazarenonews.com.br\/?p=7764"},"modified":"2025-01-20T09:56:15","modified_gmt":"2025-01-20T13:56:15","slug":"quem-vai-a-posse-de-donald-trump-veja-a-lista-de-autoridades-e-famosos-que-comparecerao","status":"publish","type":"post","link":"https:\/\/nazarenonews.com.br\/index.php\/2025\/01\/20\/quem-vai-a-posse-de-donald-trump-veja-a-lista-de-autoridades-e-famosos-que-comparecerao\/","title":{"rendered":"Quem vai \u00e0 posse de Donald Trump? Veja a lista de autoridades e famosos que comparecer\u00e3o"},"content":{"rendered":"\n<p>A cerim\u00f4nia de posse do presidente e vice-presidente eleitos dos EUA, Donald Trump e J. D. Vance, marcada para esta segunda-feira (20), deve contar com chefes e representantes enviados de diversos pa\u00edses, al\u00e9m de celebridades do setor privado nacional e internacional e simpatizantes pol\u00edticos da direita.<\/p>\n\n\n\n<p>Ao reunir tantas personalidades, o evento ganha um car\u00e1ter in\u00e9dito pela presen\u00e7a de uma extensa lista.<\/p>\n\n\n\n<p>L\u00edderes mundiais<br>Em uma tentativa de aproxima\u00e7\u00e3o, o alto escal\u00e3o presente na posse de Donald Trump conta com o vice-presidente da China, Han Zheng, representando o governo Chin\u00eas, como um ato simb\u00f3lico nas rela\u00e7\u00f5es bilaterais das duas pot\u00eancias. O convite foi feito pelo pr\u00f3prio Trump ao l\u00edder da China Xi Jinping, com quem tem um hist\u00f3rico de diverg\u00eancias.<\/p>\n\n\n\n<p>O presidente da Argentina, Javier Milei, j\u00e1 se encontra nos EUA para o evento de posse presidencial. Ele se autodeclara admirador do trabalho realizado pelo republicano.<\/p>\n\n\n\n<p>Um outro destaque de presen\u00e7a confirmada \u00e9 a da primeira- ministra da It\u00e1lia, Giorgia Meloni. A primeira-ministra representa a pouca parcela de representantes da Europa na posse de Trump.<\/p>\n\n\n\n<p>Na lista de convidados tamb\u00e9m est\u00e3o confirmados Daniel Noboa, presidente do Equador; Subrahmanyam Jaishankar, ministro das Rela\u00e7\u00f5es Exteriores da India, al\u00e9m de Takeshi Iwaya, ministro das Rela\u00e7\u00f5es Exteriores do Jap\u00e3o.<\/p>\n\n\n\n<p>Edmundo Gonzal\u00e9z, da Venezuela, tamb\u00e9m foi convidado. Ele concorreu as elei\u00e7\u00f5es com Nicol\u00e1s Maduro, que se autodeclarou eleito na \u00faltima elei\u00e7\u00e3o, em 2024. Os EUA foram um dos pa\u00edses que reconheceram Gonzal\u00e9z eleito pelo povo venezuelano.<\/p>\n\n\n\n<p>At\u00e9 a posse de Joe Biden, em 2021, apenas embaixadores e l\u00edderes das miss\u00f5es diplom\u00e1ticas tinham a tradi\u00e7\u00e3o de comparecerem ao evento que marca a chegada de um presidente eleito a Casa Branca.<\/p>\n\n\n\n<p>Big Techs<br>CEOs de big techs tamb\u00e9m est\u00e3o entre os convidados da posse desta segunda-feira (20). Al\u00e9m de Elon Musk, propriet\u00e1rio da Tesla, do SpaceX e da rede social X que se tornou um grande aliado de Donald Trump, Jeff Bezos (Amazon), Tim Cook (Apple), Sundar Pichai (Google) e Sam Altman (OpenAI) devem estar presentes na cerim\u00f4nia.<\/p>\n\n\n\n<p>Mark Zuckerberg, da Meta, empresa que monitora Whatsapp e o Instagram, tamb\u00e9m confirmou presen\u00e7a, assim como o diretor do TikTok, Shou Zi Chew. A empresa chinesa recebeu, neste domingo (19), o apoio de Donald Trump para reverter uma medida da Suprema Corte que previa a finaliza\u00e7\u00e3o dos servi\u00e7os da rede social nos EUA.<\/p>\n\n\n\n<p>Apoiadores e celebridades<br>J\u00e1 na lista de convidados do presidente eleito est\u00e3o apoiadores como Michelle Bolsonaro e Eduardo Bolsonaro, representando o ex-presidente brasileiro Jair Bolsonaro e a deputada federal pelo Distrito Federal Bia Kicis.<\/p>\n\n\n\n<p>Celebridades como Dana White, presidente do UFC, Amber Rose, modelo e cantora, Megyn Kelly, ex-apresentadora da Fox News tamb\u00e9m devem comparecer ao momento.<\/p>\n\n\n\n<p>Famosos como os boxeadores e youtubers Jake e Logan Paul, o humorista Theo Von e o influenciados Bryce Hall tamb\u00e9m devem marcar presen\u00e7a.<\/p>\n\n\n\n<p>Gazeta do Povo<\/p>\n\n\n\n<p><\/p>\n","protected":false},"excerpt":{"rendered":"<p>A cerim\u00f4nia de posse do presidente e vice-presidente eleitos dos EUA, Donald Trump e J. D. Vance, marcada para esta segunda-feira (20), deve contar com chefes e representantes enviados de diversos pa\u00edses, al\u00e9m de celebridades do setor privado nacional e internacional e simpatizantes pol\u00edticos da direita. Ao reunir tantas personalidades, o evento ganha um car\u00e1ter [&hellip;]<\/p>\n","protected":false},"author":2,"featured_media":7788,"comment_status":"closed","ping_status":"closed","sticky":false,"template":"","format":"standard","meta":{"_monsterinsights_skip_tracking":false,"_monsterinsights_sitenote_active":false,"_monsterinsights_sitenote_note":"","_monsterinsights_sitenote_category":0,"footnotes":""},"categories":[38,49,48],"tags":[],"_links":{"self":[{"href":"https:\/\/nazarenonews.com.br\/index.php\/wp-json\/wp\/v2\/posts\/7764"}],"collection":[{"href":"https:\/\/nazarenonews.com.br\/index.php\/wp-json\/wp\/v2\/posts"}],"about":[{"href":"https:\/\/nazarenonews.com.br\/index.php\/wp-json\/wp\/v2\/types\/post"}],"author":[{"embeddable":true,"href":"https:\/\/nazarenonews.com.br\/index.php\/wp-json\/wp\/v2\/users\/2"}],"replies":[{"embeddable":true,"href":"https:\/\/nazarenonews.com.br\/index.php\/wp-json\/wp\/v2\/comments?post=7764"}],"version-history":[{"count":1,"href":"https:\/\/nazarenonews.com.br\/index.php\/wp-json\/wp\/v2\/posts\/7764\/revisions"}],"predecessor-version":[{"id":7766,"href":"https:\/\/nazarenonews.com.br\/index.php\/wp-json\/wp\/v2\/posts\/7764\/revisions\/7766"}],"wp:featuredmedia":[{"embeddable":true,"href":"https:\/\/nazarenonews.com.br\/index.php\/wp-json\/wp\/v2\/media\/7788"}],"wp:attachment":[{"href":"https:\/\/nazarenonews.com.br\/index.php\/wp-json\/wp\/v2\/media?parent=7764"}],"wp:term":[{"taxonomy":"category","embeddable":true,"href":"https:\/\/nazarenonews.com.br\/index.php\/wp-json\/wp\/v2\/categories?post=7764"},{"taxonomy":"post_tag","embeddable":true,"href":"https:\/\/nazarenonews.com.br\/index.php\/wp-json\/wp\/v2\/tags?post=7764"}],"curies":[{"name":"wp","href":"https:\/\/api.w.org\/{rel}","templated":true}]}}