{"id":7749,"date":"2025-01-20T06:57:53","date_gmt":"2025-01-20T10:57:53","guid":{"rendered":"https:\/\/nazarenonews.com.br\/?p=7749"},"modified":"2025-01-20T09:34:52","modified_gmt":"2025-01-20T13:34:52","slug":"jovem-tenta-passar-com-moto-embaixo-de-maquina-e-garupa-tem-cabeca-estourada","status":"publish","type":"post","link":"https:\/\/nazarenonews.com.br\/index.php\/2025\/01\/20\/jovem-tenta-passar-com-moto-embaixo-de-maquina-e-garupa-tem-cabeca-estourada\/","title":{"rendered":"Jovem tenta passar com moto embaixo de m\u00e1quina e garupa tem cabe\u00e7a estourada"},"content":{"rendered":"\n<p>Rafael Souza de Almeida, de 19 anos, morreu na manh\u00e3 deste domingo (19), em um acidente de tr\u00e2nsito que envolveu uma motocicleta e uma m\u00e1quina agr\u00edcola, na cidade de Aren\u00e1polis (259 km de Cuiab\u00e1). O condutor da moto ficou ferido.<\/p>\n\n\n\n<p>O acidente aconteceu por volta das 07h40, no bairro Vila Nova. C\u00e2meras de seguran\u00e7a registraram a batida.<\/p>\n\n\n\n<p>De acordo com o boletim de ocorr\u00eancia, o condutor da moto contou que ele e Rafael passaram a noite bebendo em um bar. Com o dia claro, decidiram ir para outro lugar.<\/p>\n\n\n\n<p>No trajeto, eles avistaram a m\u00e1quina agr\u00edcola &#8211; chamada de Uniport Jacto -, trafegando na rua. Em seguida, eles tiveram a ideia de passar com a moto por baixo da m\u00e1quina.<\/p>\n\n\n\n<p>Entretanto, Rafael n\u00e3o conseguiu abaixar e bateu a cabe\u00e7a. No impacto, ele teve o cr\u00e2nio esfacelado com a batida frontal e morreu na hora.<\/p>\n\n\n\n<p>J\u00e1 o condutor, foi socorrido com vida e encaminhado ao hospital. O motorista da maquina disse que ficou assustado quando viu os dois jovens vindo em sua dire\u00e7\u00e3o em alta velocidade.<\/p>\n\n\n\n<p>O caso ser\u00e1 apurado pela Pol\u00edcia Civil.<\/p>\n\n\n\n<p>Rep\u00f3rter MT<\/p>\n","protected":false},"excerpt":{"rendered":"<p>Rafael Souza de Almeida, de 19 anos, morreu na manh\u00e3 deste domingo (19), em um acidente de tr\u00e2nsito que envolveu uma motocicleta e uma m\u00e1quina agr\u00edcola, na cidade de Aren\u00e1polis (259 km de Cuiab\u00e1). O condutor da moto ficou ferido. O acidente aconteceu por volta das 07h40, no bairro Vila Nova. C\u00e2meras de seguran\u00e7a registraram [&hellip;]<\/p>\n","protected":false},"author":2,"featured_media":7784,"comment_status":"closed","ping_status":"closed","sticky":false,"template":"","format":"standard","meta":{"_monsterinsights_skip_tracking":false,"_monsterinsights_sitenote_active":false,"_monsterinsights_sitenote_note":"","_monsterinsights_sitenote_category":0,"footnotes":""},"categories":[51,1],"tags":[],"_links":{"self":[{"href":"https:\/\/nazarenonews.com.br\/index.php\/wp-json\/wp\/v2\/posts\/7749"}],"collection":[{"href":"https:\/\/nazarenonews.com.br\/index.php\/wp-json\/wp\/v2\/posts"}],"about":[{"href":"https:\/\/nazarenonews.com.br\/index.php\/wp-json\/wp\/v2\/types\/post"}],"author":[{"embeddable":true,"href":"https:\/\/nazarenonews.com.br\/index.php\/wp-json\/wp\/v2\/users\/2"}],"replies":[{"embeddable":true,"href":"https:\/\/nazarenonews.com.br\/index.php\/wp-json\/wp\/v2\/comments?post=7749"}],"version-history":[{"count":1,"href":"https:\/\/nazarenonews.com.br\/index.php\/wp-json\/wp\/v2\/posts\/7749\/revisions"}],"predecessor-version":[{"id":7751,"href":"https:\/\/nazarenonews.com.br\/index.php\/wp-json\/wp\/v2\/posts\/7749\/revisions\/7751"}],"wp:featuredmedia":[{"embeddable":true,"href":"https:\/\/nazarenonews.com.br\/index.php\/wp-json\/wp\/v2\/media\/7784"}],"wp:attachment":[{"href":"https:\/\/nazarenonews.com.br\/index.php\/wp-json\/wp\/v2\/media?parent=7749"}],"wp:term":[{"taxonomy":"category","embeddable":true,"href":"https:\/\/nazarenonews.com.br\/index.php\/wp-json\/wp\/v2\/categories?post=7749"},{"taxonomy":"post_tag","embeddable":true,"href":"https:\/\/nazarenonews.com.br\/index.php\/wp-json\/wp\/v2\/tags?post=7749"}],"curies":[{"name":"wp","href":"https:\/\/api.w.org\/{rel}","templated":true}]}}