{"id":7729,"date":"2025-01-19T15:48:35","date_gmt":"2025-01-19T19:48:35","guid":{"rendered":"https:\/\/nazarenonews.com.br\/?p=7729"},"modified":"2025-01-19T22:31:27","modified_gmt":"2025-01-20T02:31:27","slug":"cessar-fogo-entre-israel-e-hamas-entra-em-vigor","status":"publish","type":"post","link":"https:\/\/nazarenonews.com.br\/index.php\/2025\/01\/19\/cessar-fogo-entre-israel-e-hamas-entra-em-vigor\/","title":{"rendered":"Cessar-fogo entre Israel e Hamas entra em vigor"},"content":{"rendered":"\n<p>O cessar-fogo na Faixa de Gaza j\u00e1 est\u00e1 em vigor, conforme anunciado pelo Gabinete do primeiro-ministro israelense em um comunicado oficial. A tr\u00e9gua teve in\u00edcio \u00e0s 11h15 (hor\u00e1rio local) deste domingo (19), ap\u00f3s um atraso de quase tr\u00eas horas.<\/p>\n\n\n\n<p>O adiamento foi atribu\u00eddo ao Hamas, que informou sobre um &#8220;atraso t\u00e9cnico&#8221; na entrega dos nomes de tr\u00eas ref\u00e9ns que seriam liberados para Israel. A situa\u00e7\u00e3o gerou expectativa e tens\u00e3o, mas, finalmente, a tr\u00e9gua foi estabelecida, permitindo um momento de al\u00edvio em meio ao conflito que afeta a regi\u00e3o.<\/p>\n\n\n\n<p>As negocia\u00e7\u00f5es para a libera\u00e7\u00e3o dos ref\u00e9ns e a manuten\u00e7\u00e3o do cessar-fogo continuam a ser monitoradas de perto por autoridades locais e internacionais, que esperam que essa pausa nas hostilidades possa abrir caminho para um di\u00e1logo mais amplo e duradouro entre as partes envolvidas.<\/p>\n\n\n\n<p>Folha do estado <\/p>\n","protected":false},"excerpt":{"rendered":"<p>O cessar-fogo na Faixa de Gaza j\u00e1 est\u00e1 em vigor, conforme anunciado pelo Gabinete do primeiro-ministro israelense em um comunicado oficial. A tr\u00e9gua teve in\u00edcio \u00e0s 11h15 (hor\u00e1rio local) deste domingo (19), ap\u00f3s um atraso de quase tr\u00eas horas. O adiamento foi atribu\u00eddo ao Hamas, que informou sobre um &#8220;atraso t\u00e9cnico&#8221; na entrega dos nomes [&hellip;]<\/p>\n","protected":false},"author":2,"featured_media":7742,"comment_status":"closed","ping_status":"closed","sticky":false,"template":"","format":"standard","meta":{"_monsterinsights_skip_tracking":false,"_monsterinsights_sitenote_active":false,"_monsterinsights_sitenote_note":"","_monsterinsights_sitenote_category":0,"footnotes":""},"categories":[38,1],"tags":[],"_links":{"self":[{"href":"https:\/\/nazarenonews.com.br\/index.php\/wp-json\/wp\/v2\/posts\/7729"}],"collection":[{"href":"https:\/\/nazarenonews.com.br\/index.php\/wp-json\/wp\/v2\/posts"}],"about":[{"href":"https:\/\/nazarenonews.com.br\/index.php\/wp-json\/wp\/v2\/types\/post"}],"author":[{"embeddable":true,"href":"https:\/\/nazarenonews.com.br\/index.php\/wp-json\/wp\/v2\/users\/2"}],"replies":[{"embeddable":true,"href":"https:\/\/nazarenonews.com.br\/index.php\/wp-json\/wp\/v2\/comments?post=7729"}],"version-history":[{"count":1,"href":"https:\/\/nazarenonews.com.br\/index.php\/wp-json\/wp\/v2\/posts\/7729\/revisions"}],"predecessor-version":[{"id":7731,"href":"https:\/\/nazarenonews.com.br\/index.php\/wp-json\/wp\/v2\/posts\/7729\/revisions\/7731"}],"wp:featuredmedia":[{"embeddable":true,"href":"https:\/\/nazarenonews.com.br\/index.php\/wp-json\/wp\/v2\/media\/7742"}],"wp:attachment":[{"href":"https:\/\/nazarenonews.com.br\/index.php\/wp-json\/wp\/v2\/media?parent=7729"}],"wp:term":[{"taxonomy":"category","embeddable":true,"href":"https:\/\/nazarenonews.com.br\/index.php\/wp-json\/wp\/v2\/categories?post=7729"},{"taxonomy":"post_tag","embeddable":true,"href":"https:\/\/nazarenonews.com.br\/index.php\/wp-json\/wp\/v2\/tags?post=7729"}],"curies":[{"name":"wp","href":"https:\/\/api.w.org\/{rel}","templated":true}]}}