{"id":7726,"date":"2025-01-19T15:46:42","date_gmt":"2025-01-19T19:46:42","guid":{"rendered":"https:\/\/nazarenonews.com.br\/?p=7726"},"modified":"2025-01-20T08:24:14","modified_gmt":"2025-01-20T12:24:14","slug":"morre-leo-batista-icone-do-jornalismo-esportivo-aos-92-anos","status":"publish","type":"post","link":"https:\/\/nazarenonews.com.br\/index.php\/2025\/01\/19\/morre-leo-batista-icone-do-jornalismo-esportivo-aos-92-anos\/","title":{"rendered":"Morre L\u00e9o Batista, \u00edcone do jornalismo esportivo, aos 92 anos"},"content":{"rendered":"\n<p>Neste domingo (19), o Brasil se despediu de Jo\u00e3o Baptista Bellinaso Neto, mais conhecido como L\u00e9o Batista, que faleceu aos 92 anos. O renomado jornalista esportivo estava internado desde o dia 6 de janeiro, lutando contra um c\u00e2ncer no p\u00e2ncreas, diagnosticado ap\u00f3s um quadro de desidrata\u00e7\u00e3o e dor abdominal.<\/p>\n\n\n\n<p>Natural de Cordeir\u00f3polis, interior de S\u00e3o Paulo, L\u00e9o Batista era filho de imigrantes italianos e come\u00e7ou sua trajet\u00f3ria na comunica\u00e7\u00e3o aos 15 anos, trabalhando com servi\u00e7os de alto-falantes em sua cidade natal. Nos anos 1940, ele se destacou no r\u00e1dio, onde iniciou uma carreira que duraria mais de 76 anos, sendo 53 deles dedicados \u00e0 TV Globo.<\/p>\n\n\n\n<p>Apaixonado por futebol e torcedor fervoroso do Botafogo, L\u00e9o se tornou uma figura emblem\u00e1tica na televis\u00e3o brasileira. Embora fosse um especialista em esportes, seu talento multifacetado lhe rendeu o apelido de \u201ccoringa\u201d da emissora carioca. Em 1970, ele foi convocado como freelancer para integrar a equipe que cobriu a Copa do Mundo no M\u00e9xico. Ap\u00f3s o torneio, L\u00e9o substituiu o famoso apresentador Cid Moreira em uma edi\u00e7\u00e3o do \u201cJornal Nacional\u201d, o que o levou a ser contratado em definitivo pela Globo.<\/p>\n\n\n\n<p>L\u00e9o Batista foi pioneiro em diversas frentes, sendo o primeiro apresentador dos telejornais \u201cJornal Hoje\u201d (1971), \u201cEsporte Espetacular\u201d (1973) e do regional \u201cGlobo Esporte\u201d (1978). Sua versatilidade tamb\u00e9m o levou a participar do \u201cGlobo Rural\u201d e a narrar momentos hist\u00f3ricos, como a morte do presidente Get\u00falio Vargas em 1954. Al\u00e9m disso, ele foi o primeiro narrador a transmitir surfe e F\u00f3rmula 1 na televis\u00e3o brasileira.<\/p>\n\n\n\n<p>Um dos legados mais marcantes de L\u00e9o Batista foi a introdu\u00e7\u00e3o do quadro de gols do \u201cFant\u00e1stico\u201d, que revolucionou a forma como o futebol passou a ser consumido pelo p\u00fablico. Sua contribui\u00e7\u00e3o ao jornalismo esportivo e \u00e0 televis\u00e3o brasileira ser\u00e1 eternamente lembrada, consolidando seu lugar na hist\u00f3ria da comunica\u00e7\u00e3o no pa\u00eds.<\/p>\n\n\n\n<p>Folha do estado <\/p>\n","protected":false},"excerpt":{"rendered":"<p>Neste domingo (19), o Brasil se despediu de Jo\u00e3o Baptista Bellinaso Neto, mais conhecido como L\u00e9o Batista, que faleceu aos 92 anos. O renomado jornalista esportivo estava internado desde o dia 6 de janeiro, lutando contra um c\u00e2ncer no p\u00e2ncreas, diagnosticado ap\u00f3s um quadro de desidrata\u00e7\u00e3o e dor abdominal. Natural de Cordeir\u00f3polis, interior de S\u00e3o [&hellip;]<\/p>\n","protected":false},"author":2,"featured_media":7776,"comment_status":"closed","ping_status":"closed","sticky":false,"template":"","format":"standard","meta":{"_monsterinsights_skip_tracking":false,"_monsterinsights_sitenote_active":false,"_monsterinsights_sitenote_note":"","_monsterinsights_sitenote_category":0,"footnotes":""},"categories":[37,1],"tags":[],"_links":{"self":[{"href":"https:\/\/nazarenonews.com.br\/index.php\/wp-json\/wp\/v2\/posts\/7726"}],"collection":[{"href":"https:\/\/nazarenonews.com.br\/index.php\/wp-json\/wp\/v2\/posts"}],"about":[{"href":"https:\/\/nazarenonews.com.br\/index.php\/wp-json\/wp\/v2\/types\/post"}],"author":[{"embeddable":true,"href":"https:\/\/nazarenonews.com.br\/index.php\/wp-json\/wp\/v2\/users\/2"}],"replies":[{"embeddable":true,"href":"https:\/\/nazarenonews.com.br\/index.php\/wp-json\/wp\/v2\/comments?post=7726"}],"version-history":[{"count":1,"href":"https:\/\/nazarenonews.com.br\/index.php\/wp-json\/wp\/v2\/posts\/7726\/revisions"}],"predecessor-version":[{"id":7728,"href":"https:\/\/nazarenonews.com.br\/index.php\/wp-json\/wp\/v2\/posts\/7726\/revisions\/7728"}],"wp:featuredmedia":[{"embeddable":true,"href":"https:\/\/nazarenonews.com.br\/index.php\/wp-json\/wp\/v2\/media\/7776"}],"wp:attachment":[{"href":"https:\/\/nazarenonews.com.br\/index.php\/wp-json\/wp\/v2\/media?parent=7726"}],"wp:term":[{"taxonomy":"category","embeddable":true,"href":"https:\/\/nazarenonews.com.br\/index.php\/wp-json\/wp\/v2\/categories?post=7726"},{"taxonomy":"post_tag","embeddable":true,"href":"https:\/\/nazarenonews.com.br\/index.php\/wp-json\/wp\/v2\/tags?post=7726"}],"curies":[{"name":"wp","href":"https:\/\/api.w.org\/{rel}","templated":true}]}}