{"id":7723,"date":"2025-01-19T15:37:55","date_gmt":"2025-01-19T19:37:55","guid":{"rendered":"https:\/\/nazarenonews.com.br\/?p=7723"},"modified":"2025-01-19T22:29:31","modified_gmt":"2025-01-20T02:29:31","slug":"homem-e-preso-apos-golpear-gerente-de-supermercado-com-pa-em-mt","status":"publish","type":"post","link":"https:\/\/nazarenonews.com.br\/index.php\/2025\/01\/19\/homem-e-preso-apos-golpear-gerente-de-supermercado-com-pa-em-mt\/","title":{"rendered":"Homem \u00e9 preso ap\u00f3s golpear gerente de supermercado com p\u00e1 em MT"},"content":{"rendered":"\n<p>Um homem de 29 anos foi preso por tentativa de homic\u00eddio ap\u00f3s atacar com uma p\u00e1, o gerente de um supermercado em\u00a0<a class=\"\" href=\"https:\/\/g1.globo.com\/mt\/mato-grosso\/cidade\/sinop\/\">Sinop<\/a>, a 503 km de Cuiab\u00e1, nesse s\u00e1bado (18). O caso aconteceu por volta de 19h30.<\/p>\n\n\n\n<p>Um v\u00eddeo, registrado por c\u00e2meras de seguran\u00e7a, mostra que o suspeito entrou no local e caminhou at\u00e9 uma prateleira com p\u00e1s, depois ele foi at\u00e9 a entrada do supermercado e atacou o funcion\u00e1rio na cabe\u00e7a por tr\u00e1s, que caiu inconsciente.\u00a0A v\u00edtima tem 43 anos e sobreviveu.\u00a0<\/p>\n\n\n\n<p>Segundos depois, o agressor foi detido por seguran\u00e7as<strong><em>.<\/em><\/strong><\/p>\n\n\n\n<p>Ao\u00a0<a class=\"\" href=\"https:\/\/g1.globo.com\/mt\/mato-grosso\/\"><strong>g1<\/strong><\/a>, o supermercado informou que apura o caso, que investiga qual a rela\u00e7\u00e3o entre o gerente do local e o suspeito e se coloca \u00e0 disposi\u00e7\u00e3o para mais esclarecimentos.<\/p>\n\n\n\n<p><strong>&#8220;No momento, estamos apurando os fatos de forma detalhada para entender plenamente a situa\u00e7\u00e3o e tomar as medidas necess\u00e1rias. Refor\u00e7amos nosso compromisso com o respeito, a seguran\u00e7a e o bem-estar de nossos colaboradores e clientes, valores que sempre guiaram nossa atua\u00e7\u00e3o&#8221;, diz trecho da nota.<\/strong><\/p>\n\n\n\n<p>Segundo a Pol\u00edcia Militar, o suspeito n\u00e3o \u00e9 funcion\u00e1rio do local. Ele foi ao supermercado j\u00e1 com a inten\u00e7\u00e3o de atacar a v\u00edtima, depois de ouvir reclama\u00e7\u00f5es da esposa, tamb\u00e9m funcion\u00e1ria do supermercado, em rela\u00e7\u00e3o ao gerente.<\/p>\n\n\n\n<p>A v\u00edtima teve ferimentos na cabe\u00e7a, orelha e ouvido, mas n\u00e3o h\u00e1 informa\u00e7\u00f5es sobre o atual estado de sa\u00fade. Ela foi orientada pelas equipes a prestar depoimento na delegacia do munic\u00edpio.<\/p>\n\n\n\n<p>A Pol\u00edcia Civil investiga o caso.<\/p>\n\n\n\n<p>g1-MT<\/p>\n","protected":false},"excerpt":{"rendered":"<p>Um homem de 29 anos foi preso por tentativa de homic\u00eddio ap\u00f3s atacar com uma p\u00e1, o gerente de um supermercado em\u00a0Sinop, a 503 km de Cuiab\u00e1, nesse s\u00e1bado (18). O caso aconteceu por volta de 19h30. Um v\u00eddeo, registrado por c\u00e2meras de seguran\u00e7a, mostra que o suspeito entrou no local e caminhou at\u00e9 uma [&hellip;]<\/p>\n","protected":false},"author":2,"featured_media":7741,"comment_status":"closed","ping_status":"closed","sticky":false,"template":"","format":"standard","meta":{"_monsterinsights_skip_tracking":false,"_monsterinsights_sitenote_active":false,"_monsterinsights_sitenote_note":"","_monsterinsights_sitenote_category":0,"footnotes":""},"categories":[1],"tags":[],"_links":{"self":[{"href":"https:\/\/nazarenonews.com.br\/index.php\/wp-json\/wp\/v2\/posts\/7723"}],"collection":[{"href":"https:\/\/nazarenonews.com.br\/index.php\/wp-json\/wp\/v2\/posts"}],"about":[{"href":"https:\/\/nazarenonews.com.br\/index.php\/wp-json\/wp\/v2\/types\/post"}],"author":[{"embeddable":true,"href":"https:\/\/nazarenonews.com.br\/index.php\/wp-json\/wp\/v2\/users\/2"}],"replies":[{"embeddable":true,"href":"https:\/\/nazarenonews.com.br\/index.php\/wp-json\/wp\/v2\/comments?post=7723"}],"version-history":[{"count":1,"href":"https:\/\/nazarenonews.com.br\/index.php\/wp-json\/wp\/v2\/posts\/7723\/revisions"}],"predecessor-version":[{"id":7725,"href":"https:\/\/nazarenonews.com.br\/index.php\/wp-json\/wp\/v2\/posts\/7723\/revisions\/7725"}],"wp:featuredmedia":[{"embeddable":true,"href":"https:\/\/nazarenonews.com.br\/index.php\/wp-json\/wp\/v2\/media\/7741"}],"wp:attachment":[{"href":"https:\/\/nazarenonews.com.br\/index.php\/wp-json\/wp\/v2\/media?parent=7723"}],"wp:term":[{"taxonomy":"category","embeddable":true,"href":"https:\/\/nazarenonews.com.br\/index.php\/wp-json\/wp\/v2\/categories?post=7723"},{"taxonomy":"post_tag","embeddable":true,"href":"https:\/\/nazarenonews.com.br\/index.php\/wp-json\/wp\/v2\/tags?post=7723"}],"curies":[{"name":"wp","href":"https:\/\/api.w.org\/{rel}","templated":true}]}}