{"id":7710,"date":"2025-01-19T08:36:08","date_gmt":"2025-01-19T12:36:08","guid":{"rendered":"https:\/\/nazarenonews.com.br\/?p=7710"},"modified":"2025-01-19T11:25:17","modified_gmt":"2025-01-19T15:25:17","slug":"menina-de-7-anos-morre-afogada-em-piscina-durante-confraternizacao","status":"publish","type":"post","link":"https:\/\/nazarenonews.com.br\/index.php\/2025\/01\/19\/menina-de-7-anos-morre-afogada-em-piscina-durante-confraternizacao\/","title":{"rendered":"Menina de 7 anos morre afogada em piscina durante confraterniza\u00e7\u00e3o"},"content":{"rendered":"\n<p>Uma menina de 7 anos, identidade n\u00e3o divulgada, morreu na noite de s\u00e1bado (18), ap\u00f3s se afogar em uma piscina dentro de uma casa no bairro Santa Cruz, na cidade de Rondon\u00f3polis (212 km de Cuiab\u00e1). O afogamento aconteceu durante uma confraterniza\u00e7\u00e3o.<\/p>\n\n\n\n<p>Era por volta das 20h, quando equipes do Servi\u00e7o de Atendimento M\u00e9dico M\u00f3vel de Urg\u00eancia foram acionadas.&nbsp;<\/p>\n\n\n\n<p>No local, os m\u00e9dicos encontraram a crian\u00e7a j\u00e1 desacordada e deram in\u00edcio ao processo de reanima\u00e7\u00e3o. Uma outra equipe do Samu tamb\u00e9m chegou e ap\u00f3s alguns minutos, resolveram encaminhar a menina ao Hospital Regional.<\/p>\n\n\n\n<p>Entretanto, apesar de todos os esfor\u00e7os, a crian\u00e7a n\u00e3o resistiu.<\/p>\n\n\n\n<p>De acordo com socorristas, os familiares n\u00e3o souberam informar o que de fato aconteceu, se a menina estava sozinha quando caiu na piscina ou se tinha mais pessoas.<\/p>\n\n\n\n<p>A informa\u00e7\u00e3o \u00e9 que acontecia uma confraterniza\u00e7\u00e3o na casa quando tudo aconteceu. O corpo da crian\u00e7a foi encaminhado ao Instituto M\u00e9dico Legal.<\/p>\n\n\n\n<p>Rep\u00f3rter MT<\/p>\n","protected":false},"excerpt":{"rendered":"<p>Uma menina de 7 anos, identidade n\u00e3o divulgada, morreu na noite de s\u00e1bado (18), ap\u00f3s se afogar em uma piscina dentro de uma casa no bairro Santa Cruz, na cidade de Rondon\u00f3polis (212 km de Cuiab\u00e1). O afogamento aconteceu durante uma confraterniza\u00e7\u00e3o. Era por volta das 20h, quando equipes do Servi\u00e7o de Atendimento M\u00e9dico M\u00f3vel [&hellip;]<\/p>\n","protected":false},"author":2,"featured_media":7720,"comment_status":"closed","ping_status":"closed","sticky":false,"template":"","format":"standard","meta":{"_monsterinsights_skip_tracking":false,"_monsterinsights_sitenote_active":false,"_monsterinsights_sitenote_note":"","_monsterinsights_sitenote_category":0,"footnotes":""},"categories":[1],"tags":[],"_links":{"self":[{"href":"https:\/\/nazarenonews.com.br\/index.php\/wp-json\/wp\/v2\/posts\/7710"}],"collection":[{"href":"https:\/\/nazarenonews.com.br\/index.php\/wp-json\/wp\/v2\/posts"}],"about":[{"href":"https:\/\/nazarenonews.com.br\/index.php\/wp-json\/wp\/v2\/types\/post"}],"author":[{"embeddable":true,"href":"https:\/\/nazarenonews.com.br\/index.php\/wp-json\/wp\/v2\/users\/2"}],"replies":[{"embeddable":true,"href":"https:\/\/nazarenonews.com.br\/index.php\/wp-json\/wp\/v2\/comments?post=7710"}],"version-history":[{"count":1,"href":"https:\/\/nazarenonews.com.br\/index.php\/wp-json\/wp\/v2\/posts\/7710\/revisions"}],"predecessor-version":[{"id":7712,"href":"https:\/\/nazarenonews.com.br\/index.php\/wp-json\/wp\/v2\/posts\/7710\/revisions\/7712"}],"wp:featuredmedia":[{"embeddable":true,"href":"https:\/\/nazarenonews.com.br\/index.php\/wp-json\/wp\/v2\/media\/7720"}],"wp:attachment":[{"href":"https:\/\/nazarenonews.com.br\/index.php\/wp-json\/wp\/v2\/media?parent=7710"}],"wp:term":[{"taxonomy":"category","embeddable":true,"href":"https:\/\/nazarenonews.com.br\/index.php\/wp-json\/wp\/v2\/categories?post=7710"},{"taxonomy":"post_tag","embeddable":true,"href":"https:\/\/nazarenonews.com.br\/index.php\/wp-json\/wp\/v2\/tags?post=7710"}],"curies":[{"name":"wp","href":"https:\/\/api.w.org\/{rel}","templated":true}]}}