{"id":7707,"date":"2025-01-19T08:34:26","date_gmt":"2025-01-19T12:34:26","guid":{"rendered":"https:\/\/nazarenonews.com.br\/?p=7707"},"modified":"2025-01-19T11:21:49","modified_gmt":"2025-01-19T15:21:49","slug":"justica-marca-audiencia-para-interrogar-servidor-acusado-de-matar-empresaria-no-lago-do-manso","status":"publish","type":"post","link":"https:\/\/nazarenonews.com.br\/index.php\/2025\/01\/19\/justica-marca-audiencia-para-interrogar-servidor-acusado-de-matar-empresaria-no-lago-do-manso\/","title":{"rendered":"Justi\u00e7a marca audi\u00eancia para interrogar servidor acusado de matar empres\u00e1ria no Lago do Manso"},"content":{"rendered":"\n<p>A Justi\u00e7a de Mato Grosso agendou para o dia 3 de fevereiro a terceira audi\u00eancia de instru\u00e7\u00e3o sobre a morte da empres\u00e1ria Elaine Stelatto Marques, de 45 anos. Na ocasi\u00e3o, o acusado do crime, o servidor da Secretaria Estadual de Meio Ambiente (Sema), Cleber Figueiredo Lagreca, ser\u00e1 interrogado.<\/p>\n\n\n\n<p>Elaine morreu no dia 19 de outubro de 2023. Na \u00e9poca, o servidor contou que estava com a empres\u00e1ria em um passeio de barco no Lago do Manso quando, ela teria dito que gostaria de tomar banho com o ve\u00edculo em movimento.<\/p>\n\n\n\n<p>Em seguida, ela teria amarrado uma corda na cintura e ela acabou caindo da embarca\u00e7\u00e3o. Cleber chegou a afirmar ainda que tentou socorr\u00ea-la, mas sem sucesso.<\/p>\n\n\n\n<p>De acordo com a Pol\u00edcia Civil, Cleber foi o respons\u00e1vel pela morte de Elaine. Ele foi preso no dia 28 de setembro do ano passado, escondido em um hotel de Cuiab\u00e1, no bairro Alvorada pr\u00f3ximo \u00e0 rodovi\u00e1ria.<\/p>\n\n\n\n<p>Dias ap\u00f3s a pris\u00e3o, a defesa de Cleber entrou com recurso pedindo a revoga\u00e7\u00e3o da pris\u00e3o preventiva, argumentando que o homem \u00e9 inocente e a aus\u00eancia de riscos \u00e0 instru\u00e7\u00e3o processual. Entretanto, os argumentos foram rejeitados pelo desembargador L\u00eddio Modesto da Silva Filho, do Tribunal de Justi\u00e7a de Mato Grosso (TJMT).<\/p>\n\n\n\n<p>Cleber responde por estupro, feminic\u00eddio qualificado e fraude processual majorada relacionadas \u00e0 morte da empres\u00e1ria. O processo tramita em segredo de Justi\u00e7a.<\/p>\n\n\n\n<p>Rep\u00f3rter MT<\/p>\n","protected":false},"excerpt":{"rendered":"<p>A Justi\u00e7a de Mato Grosso agendou para o dia 3 de fevereiro a terceira audi\u00eancia de instru\u00e7\u00e3o sobre a morte da empres\u00e1ria Elaine Stelatto Marques, de 45 anos. Na ocasi\u00e3o, o acusado do crime, o servidor da Secretaria Estadual de Meio Ambiente (Sema), Cleber Figueiredo Lagreca, ser\u00e1 interrogado. Elaine morreu no dia 19 de outubro [&hellip;]<\/p>\n","protected":false},"author":2,"featured_media":7719,"comment_status":"closed","ping_status":"closed","sticky":false,"template":"","format":"standard","meta":{"_monsterinsights_skip_tracking":false,"_monsterinsights_sitenote_active":false,"_monsterinsights_sitenote_note":"","_monsterinsights_sitenote_category":0,"footnotes":""},"categories":[51,1],"tags":[],"_links":{"self":[{"href":"https:\/\/nazarenonews.com.br\/index.php\/wp-json\/wp\/v2\/posts\/7707"}],"collection":[{"href":"https:\/\/nazarenonews.com.br\/index.php\/wp-json\/wp\/v2\/posts"}],"about":[{"href":"https:\/\/nazarenonews.com.br\/index.php\/wp-json\/wp\/v2\/types\/post"}],"author":[{"embeddable":true,"href":"https:\/\/nazarenonews.com.br\/index.php\/wp-json\/wp\/v2\/users\/2"}],"replies":[{"embeddable":true,"href":"https:\/\/nazarenonews.com.br\/index.php\/wp-json\/wp\/v2\/comments?post=7707"}],"version-history":[{"count":1,"href":"https:\/\/nazarenonews.com.br\/index.php\/wp-json\/wp\/v2\/posts\/7707\/revisions"}],"predecessor-version":[{"id":7709,"href":"https:\/\/nazarenonews.com.br\/index.php\/wp-json\/wp\/v2\/posts\/7707\/revisions\/7709"}],"wp:featuredmedia":[{"embeddable":true,"href":"https:\/\/nazarenonews.com.br\/index.php\/wp-json\/wp\/v2\/media\/7719"}],"wp:attachment":[{"href":"https:\/\/nazarenonews.com.br\/index.php\/wp-json\/wp\/v2\/media?parent=7707"}],"wp:term":[{"taxonomy":"category","embeddable":true,"href":"https:\/\/nazarenonews.com.br\/index.php\/wp-json\/wp\/v2\/categories?post=7707"},{"taxonomy":"post_tag","embeddable":true,"href":"https:\/\/nazarenonews.com.br\/index.php\/wp-json\/wp\/v2\/tags?post=7707"}],"curies":[{"name":"wp","href":"https:\/\/api.w.org\/{rel}","templated":true}]}}