{"id":7704,"date":"2025-01-19T08:15:01","date_gmt":"2025-01-19T12:15:01","guid":{"rendered":"https:\/\/nazarenonews.com.br\/?p=7704"},"modified":"2025-01-19T08:15:36","modified_gmt":"2025-01-19T12:15:36","slug":"abilio-detona-vereadores-que-tentaram-aumentar-valor-de-auxilio-oportunismo-barato","status":"publish","type":"post","link":"https:\/\/nazarenonews.com.br\/index.php\/2025\/01\/19\/abilio-detona-vereadores-que-tentaram-aumentar-valor-de-auxilio-oportunismo-barato\/","title":{"rendered":"Ab\u00edlio Brunini detona vereadores que tentaram aumentar valor de aux\u00edlio: &#8220;Oportunismo barato&#8221;"},"content":{"rendered":"\n<p>O prefeito de Cuiab\u00e1, Abilio Brunini (PL), classificou como \u201coportunismo barato\u201d a postura dos vereadores Daniel Monteiro (Republicanos) e Jeferson Siqueira (PSD), que tentaram aumentar o valor do benef\u00edcio emergencial, de R$ 1 mil, \u00e0s v\u00edtimas dos alagamentos registrados na Capital, nos \u00faltimos dias. O recurso foi aprovado pela C\u00e2mara Municipal, no \u00faltimo dia 16.&nbsp;<\/p>\n\n\n\n<p>As emendas dos vereadores ao projeto da Prefeitura previam que fosse concedido um \u201cb\u00f4nus\u201d de R$ 200 para cada crian\u00e7a menor de 12 anos nas fam\u00edlias cadastradas. O segundo projeto previa estender o benef\u00edcio por tr\u00eas meses, totalizando R$ 3 mil por fam\u00edlia.<\/p>\n\n\n\n<p><em><strong>\u201cEu entendo a propositura dos vereadores que fizeram, s\u00f3 que era oportunismo barato na minha vis\u00e3o no momento que Cuiab\u00e1 est\u00e1 passando e as pessoas est\u00e3o passando. Eu acho que a inten\u00e7\u00e3o pode ser plaus\u00edvel, a inten\u00e7\u00e3o pode ser boa, mas o foco do projeto n\u00e3o \u00e9 esse\u201d<\/strong><\/em>, disse o prefeito.<\/p>\n\n\n\n<p>O prefeito ainda disse que os vereadores t\u00eam condi\u00e7\u00f5es de cumprirem as suas propostas por conta pr\u00f3pria, utilizando os valores dos seus vencimentos particulares.<\/p>\n\n\n\n<p><em><strong>\u201dAcho que eles podem tamb\u00e9m fazer essa doa\u00e7\u00e3o da pr\u00f3pria conta deles. Eles, al\u00e9m de terem recursos pr\u00f3prios, que s\u00e3o uns sal\u00e1rios muito grandes, assim como de todos n\u00f3s, acho que esse trabalho social, esse trabalho volunt\u00e1rio, qualquer um de n\u00f3s pode fazer, eu posso fazer, todos n\u00f3s podemos fazer, assim como eu tenho feito\u201d<\/strong><\/em>, disse.<\/p>\n\n\n\n<p>Abilio destacou que essa ajuda extraordin\u00e1ria n\u00e3o se trata de um programa social, mas de um aux\u00edlio emergencial para fam\u00edlias afetadas pelas chuvas e que a medida s\u00f3 foi necess\u00e1ria porque a Prefeitura n\u00e3o possui contratos com fornecedores de colch\u00f5es e alimentos para a forma\u00e7\u00e3o de cestas b\u00e1sicas em situa\u00e7\u00f5es como essas.<\/p>\n\n\n\n<p><em><strong>\u201cEsse aux\u00edlio emergencial nesse momento que a gente est\u00e1 n\u00e3o \u00e9 um programa de assist\u00eancia social, n\u00e3o \u00e9 um bolsa fam\u00edlia, \u00e9 um programa emergencial para comprar itens que a Prefeitura n\u00e3o tem condi\u00e7\u00f5es de comprar. Porque ela n\u00e3o tem condi\u00e7\u00f5es de comprar? Porque n\u00e3o tem contrato, n\u00e3o tem licita\u00e7\u00e3o. Se tiv\u00e9ssemos contratos com fornecedores de colch\u00e3o, de alimentos para formar cesta b\u00e1sica, de materiais de limpeza ou de alguns utens\u00edlios, a gente n\u00e3o precisava fazer esse aux\u00edlio de repassar, a gente podia simplesmente comprar e entregar para as pessoas\u201d<\/strong><\/em>, explicou.<\/p>\n\n\n\n<p>Abilio tamb\u00e9m disse que as emendas apresentadas pelos parlamentares poderiam levar as pessoas a confundir a finalidade do projeto.<\/p>\n\n\n\n<p><em><strong>\u201cImagina uma pessoa ter cinco, seis filhos cadastrados e toma esse projeto como um projeto de assist\u00eancia econ\u00f4mica. N\u00e3o \u00e9 essa a finalidade do projeto, n\u00e3o \u00e9 esse o projeto\u201d<\/strong><\/em>, concluiu.<\/p>\n\n\n\n<p>Rep\u00f3rter MT<\/p>\n","protected":false},"excerpt":{"rendered":"<p>O prefeito de Cuiab\u00e1, Abilio Brunini (PL), classificou como \u201coportunismo barato\u201d a postura dos vereadores Daniel Monteiro (Republicanos) e Jeferson Siqueira (PSD), que tentaram aumentar o valor do benef\u00edcio emergencial, de R$ 1 mil, \u00e0s v\u00edtimas dos alagamentos registrados na Capital, nos \u00faltimos dias. O recurso foi aprovado pela C\u00e2mara Municipal, no \u00faltimo dia 16.&nbsp; [&hellip;]<\/p>\n","protected":false},"author":2,"featured_media":7401,"comment_status":"closed","ping_status":"closed","sticky":false,"template":"","format":"standard","meta":{"_monsterinsights_skip_tracking":false,"_monsterinsights_sitenote_active":false,"_monsterinsights_sitenote_note":"","_monsterinsights_sitenote_category":0,"footnotes":""},"categories":[51,1,48],"tags":[],"_links":{"self":[{"href":"https:\/\/nazarenonews.com.br\/index.php\/wp-json\/wp\/v2\/posts\/7704"}],"collection":[{"href":"https:\/\/nazarenonews.com.br\/index.php\/wp-json\/wp\/v2\/posts"}],"about":[{"href":"https:\/\/nazarenonews.com.br\/index.php\/wp-json\/wp\/v2\/types\/post"}],"author":[{"embeddable":true,"href":"https:\/\/nazarenonews.com.br\/index.php\/wp-json\/wp\/v2\/users\/2"}],"replies":[{"embeddable":true,"href":"https:\/\/nazarenonews.com.br\/index.php\/wp-json\/wp\/v2\/comments?post=7704"}],"version-history":[{"count":2,"href":"https:\/\/nazarenonews.com.br\/index.php\/wp-json\/wp\/v2\/posts\/7704\/revisions"}],"predecessor-version":[{"id":7706,"href":"https:\/\/nazarenonews.com.br\/index.php\/wp-json\/wp\/v2\/posts\/7704\/revisions\/7706"}],"wp:featuredmedia":[{"embeddable":true,"href":"https:\/\/nazarenonews.com.br\/index.php\/wp-json\/wp\/v2\/media\/7401"}],"wp:attachment":[{"href":"https:\/\/nazarenonews.com.br\/index.php\/wp-json\/wp\/v2\/media?parent=7704"}],"wp:term":[{"taxonomy":"category","embeddable":true,"href":"https:\/\/nazarenonews.com.br\/index.php\/wp-json\/wp\/v2\/categories?post=7704"},{"taxonomy":"post_tag","embeddable":true,"href":"https:\/\/nazarenonews.com.br\/index.php\/wp-json\/wp\/v2\/tags?post=7704"}],"curies":[{"name":"wp","href":"https:\/\/api.w.org\/{rel}","templated":true}]}}