{"id":7691,"date":"2025-01-18T16:04:10","date_gmt":"2025-01-18T20:04:10","guid":{"rendered":"https:\/\/nazarenonews.com.br\/?p=7691"},"modified":"2025-01-18T22:37:54","modified_gmt":"2025-01-19T02:37:54","slug":"buzetti-detona-proposta-de-governo-lula-que-traz-iva-em-28-a-maior-taxa-do-mundo-isso-e-um-escarnio","status":"publish","type":"post","link":"https:\/\/nazarenonews.com.br\/index.php\/2025\/01\/18\/buzetti-detona-proposta-de-governo-lula-que-traz-iva-em-28-a-maior-taxa-do-mundo-isso-e-um-escarnio\/","title":{"rendered":"Buzetti detona proposta de Governo Lula que traz IVA em 28%: &#8220;A maior taxa do mundo. Isso \u00e9 um esc\u00e1rnio&#8221;"},"content":{"rendered":"\n<p>A senadora Margareth Buzetti (PSD) criticou a proposta apresentada pelo governo de Luiz In\u00e1cio Lula da Silva (PT), de aumentar a al\u00edquota do Imposto sobre Valor Agregado (IVA), em 28%. Ela classificou como um \u201cesc\u00e1rnio\u201d a poss\u00edvel aprova\u00e7\u00e3o da medida no Congresso Nacional.<\/p>\n\n\n\n<p>&#8220;<em><strong>Eu trabalhei muito nessa reforma tribut\u00e1ria e tudo que a gente trabalhou (no Senado), na C\u00e2mara Federal foi tirado e hoje n\u00f3s vamos ter esse esc\u00e1rnio que \u00e9 a maior al\u00edquota em n\u00edvel mundial<\/strong><\/em>&#8220;, declarou.<\/p>\n\n\n\n<p>&#8220;<em><strong>\u00c9 uma pena, eu vejo que tudo que deveria ter sido simplificado vai virar custo para n\u00f3s. Agora n\u00e3o tem mais o que ser feito, \u00e9 esperar e ver como vai ser. Mas eu n\u00e3o acredito nessa Reforma Tribut\u00e1ria. O contribuinte vai pagar a conta<\/strong><\/em>&#8220;, emendou senadora.<\/p>\n\n\n\n<p>O IVA foi institu\u00eddo pela reforma tribut\u00e1ria, que teve a primeira parte sancionada por Lula na quinta-feira (16). Apesar disso, a al\u00edquota ainda n\u00e3o foi definida.<\/p>\n\n\n\n<p>Caso se confirme os 28%, o Brasil ter\u00e1 a maior al\u00edquota de IVA do mundo, comparado com pa\u00edses como Noruega, Portugal, It\u00e1lia e B\u00e9lgica, que cobram entre 21% e 25%. (Veja ao final da mat\u00e9ria o ranking dos pa\u00edses com al\u00edquota de IVA).<\/p>\n\n\n\n<p><strong>Novo imposto<\/strong><\/p>\n\n\n\n<p>Segundo a reforma, o IVA ser\u00e1 composto pela CBS (Contribui\u00e7\u00e3o sobre Bens e Servi\u00e7os), tributo federal, e o IBS (Imposto sobre Bens e Servi\u00e7os), de compet\u00eancia dos estados e dos munic\u00edpios. Esses impostos v\u00e3o substituir os atuais tributos sobre o consumo: PIS, Cofins, ICMS, ISS, e IPI.<\/p>\n\n\n\n<p>O novo sistema de impostos passar\u00e1 por um teste em 2026. De 2027 a 2033, ser\u00e1 feita uma transi\u00e7\u00e3o gradual para os tributos que comp\u00f5em o IVA.<\/p>\n\n\n\n<p><strong>Veja o ranking dos pa\u00edses com maior al\u00edquota de IVA<\/strong><\/p>\n\n\n\n<p>Brasil 28%<br>Hungria 27%<br>Dinamarca 25%<br>Noruega 25%<br>Su\u00e9cia 25%<br>Finl\u00e2ndia 24%<br>Gr\u00e9cia 24%<br>Isl\u00e2ndia 24%<br>Irlanda 23%<br>Pol\u00f4nia 23%<br>Portugal 23%<br>Eslov\u00eania 22%<br>It\u00e1lia 22%<br>B\u00e9lgica 21%<br>Espanha 21%<br>Let\u00f4nia 21%<br>Litu\u00e2nia 21%<br>Pa\u00edses Baixos 21%<br>Tch\u00e9quia 21%<br>Eslov\u00e1quia 20%<br>Est\u00f4nia 20%<br>Fran\u00e7a 20%<br>Reino Unido 20%<br>Turquia 20%<br>\u00c1ustria 20%<br>M\u00e9dia n\u00e3o ponderada da OCDE 19,2%<br>Alemanha 19%<br>Chile 19%<br>Col\u00f4mbia 19%<br>Israel 17%<br>Luxemburgo 17%<br>M\u00e9xico 16%<br>Nova Zel\u00e2ndia 15%<br>Costa Rica 13%<br>Austr\u00e1lia 10%<br>Coreia do Sul 10%<br>Jap\u00e3o 10%<br>Su\u00ed\u00e7a 7,7%<br>Canad\u00e1 5%<\/p>\n\n\n\n<p>Rep\u00f3rter MT<\/p>\n","protected":false},"excerpt":{"rendered":"<p>A senadora Margareth Buzetti (PSD) criticou a proposta apresentada pelo governo de Luiz In\u00e1cio Lula da Silva (PT), de aumentar a al\u00edquota do Imposto sobre Valor Agregado (IVA), em 28%. Ela classificou como um \u201cesc\u00e1rnio\u201d a poss\u00edvel aprova\u00e7\u00e3o da medida no Congresso Nacional. &#8220;Eu trabalhei muito nessa reforma tribut\u00e1ria e tudo que a gente trabalhou [&hellip;]<\/p>\n","protected":false},"author":2,"featured_media":7700,"comment_status":"closed","ping_status":"closed","sticky":false,"template":"","format":"standard","meta":{"_monsterinsights_skip_tracking":false,"_monsterinsights_sitenote_active":false,"_monsterinsights_sitenote_note":"","_monsterinsights_sitenote_category":0,"footnotes":""},"categories":[37,1,48],"tags":[],"_links":{"self":[{"href":"https:\/\/nazarenonews.com.br\/index.php\/wp-json\/wp\/v2\/posts\/7691"}],"collection":[{"href":"https:\/\/nazarenonews.com.br\/index.php\/wp-json\/wp\/v2\/posts"}],"about":[{"href":"https:\/\/nazarenonews.com.br\/index.php\/wp-json\/wp\/v2\/types\/post"}],"author":[{"embeddable":true,"href":"https:\/\/nazarenonews.com.br\/index.php\/wp-json\/wp\/v2\/users\/2"}],"replies":[{"embeddable":true,"href":"https:\/\/nazarenonews.com.br\/index.php\/wp-json\/wp\/v2\/comments?post=7691"}],"version-history":[{"count":1,"href":"https:\/\/nazarenonews.com.br\/index.php\/wp-json\/wp\/v2\/posts\/7691\/revisions"}],"predecessor-version":[{"id":7693,"href":"https:\/\/nazarenonews.com.br\/index.php\/wp-json\/wp\/v2\/posts\/7691\/revisions\/7693"}],"wp:featuredmedia":[{"embeddable":true,"href":"https:\/\/nazarenonews.com.br\/index.php\/wp-json\/wp\/v2\/media\/7700"}],"wp:attachment":[{"href":"https:\/\/nazarenonews.com.br\/index.php\/wp-json\/wp\/v2\/media?parent=7691"}],"wp:term":[{"taxonomy":"category","embeddable":true,"href":"https:\/\/nazarenonews.com.br\/index.php\/wp-json\/wp\/v2\/categories?post=7691"},{"taxonomy":"post_tag","embeddable":true,"href":"https:\/\/nazarenonews.com.br\/index.php\/wp-json\/wp\/v2\/tags?post=7691"}],"curies":[{"name":"wp","href":"https:\/\/api.w.org\/{rel}","templated":true}]}}