{"id":7672,"date":"2025-01-18T08:49:48","date_gmt":"2025-01-18T12:49:48","guid":{"rendered":"https:\/\/nazarenonews.com.br\/?p=7672"},"modified":"2025-01-18T13:07:26","modified_gmt":"2025-01-18T17:07:26","slug":"transito-na-miguel-sutil-tera-desvios-a-partir-deste-sabado","status":"publish","type":"post","link":"https:\/\/nazarenonews.com.br\/index.php\/2025\/01\/18\/transito-na-miguel-sutil-tera-desvios-a-partir-deste-sabado\/","title":{"rendered":"Tr\u00e2nsito na Miguel Sutil ter\u00e1 desvios a partir deste s\u00e1bado"},"content":{"rendered":"\n<p>Interdi\u00e7\u00f5es ser\u00e3o realizadas na Avenida Miguel Sutil a partir das 8h deste s\u00e1bado (18), para a continuidade das obras do Complexo Vi\u00e1rio Leblon.<\/p>\n\n\n\n<p>As mudan\u00e7as s\u00e3o necess\u00e1rias para o in\u00edcio das obras em uma trincheira pr\u00f3ximo \u00e0 rotat\u00f3ria que d\u00e1 acesso ao bairro Jardim Leblon. Haver\u00e1 um bloqueio total na pista sentido Avenida Fernando Corr\u00eaa da Costa \u2013 Rodovi\u00e1ria, com desvios sinalizados, planejados junto com a Secretaria de Mobilidade Urbana (Semob) de Cuiab\u00e1.<\/p>\n\n\n\n<p><strong>Rotas de Desvio<\/strong><\/p>\n\n\n\n<p>Sentido Avenida Fernando Corr\u00eaa da Costa \u2013 Rodovi\u00e1ria: Motoristas devem virar \u00e0 direita na Rua Couto Magalh\u00e3es e, em seguida, \u00e0 esquerda na Rua Nova. O trajeto segue at\u00e9 a Avenida Arquimedes Pereira Lima, onde foi instalado um sem\u00e1foro para organiza\u00e7\u00e3o do fluxo. Placas orientar\u00e3o o retorno \u00e0 Avenida Miguel Sutil pela Rua 8 de Janeiro.<\/p>\n\n\n\n<p>Sentido Rodovi\u00e1ria \u2013 Avenida Fernando Corr\u00eaa da Costa: Para acessar a Avenida Arquimedes Pereira Lima, os condutores devem virar \u00e0 esquerda na Rua Couto Magalh\u00e3es, seguir pela Rua Nova e continuar at\u00e9 a Avenida Arquimedes Pereira Lima. Este trajeto tamb\u00e9m conta com sem\u00e1foro para facilitar o fluxo.<\/p>\n\n\n\n<p>O tr\u00e1fego de ve\u00edculos pesados est\u00e1 proibido neste desvio. Placas informativas foram instaladas para orientar sobre a restri\u00e7\u00e3o.<\/p>\n\n\n\n<p>Os motoristas ser\u00e3o auxiliados por pain\u00e9is m\u00f3veis, placas orientativas e faixas a\u00e9reas instaladas na regi\u00e3o para garantir a seguran\u00e7a e fluidez do tr\u00e2nsito. Recomenda-se o planejamento pr\u00e9vio dos trajetos e aten\u00e7\u00e3o \u00e0 sinaliza\u00e7\u00e3o.<\/p>\n\n\n\n<p><strong>Parceria com Waze<\/strong><\/p>\n\n\n\n<p>Durante a execu\u00e7\u00e3o das obras no Complexo Leblon, assim como em outras obras de mobilidade urbana em Cuiab\u00e1 e V\u00e1rzea Grande, a Sinfra firmou uma parceria com a plataforma Waze para fornecimento de dados atualizados sobre vias interditadas e rotas alternativas.<\/p>\n\n\n\n<p>Com isso, os usu\u00e1rios do aplicativo podem consultar os melhores caminhos at\u00e9 o seu destino final, com informa\u00e7\u00f5es confi\u00e1veis sobre ruas e avenidas totalmente ou parcialmente interditadas e o tr\u00e2nsito no local.<br>Sobre a obra<\/p>\n\n\n\n<p>As obras no Complexo Vi\u00e1rio Leblon recebem um investimento de R$ 65,8 milh\u00f5es, com o objetivo de melhorar o tr\u00e2nsito nas duas pontas da Trincheira Jurumirim. Entre as interven\u00e7\u00f5es, est\u00e3o a constru\u00e7\u00e3o de um t\u00fanel, o alargamento do viaduto sobre a Avenida do CPA, a constru\u00e7\u00e3o de um pequeno elevado no fim da Trincheira Jurumirim, a escava\u00e7\u00e3o de uma trincheira pr\u00f3ximo ao acesso ao jardim Leblon e a duplica\u00e7\u00e3o da Rua Boa Vista.<\/p>\n\n\n\n<p>A obra trar\u00e1 mudan\u00e7as na forma com as pessoas se deslocam entre a Avenida do CPA e Miguel Sutil e incluem tamb\u00e9m o refor\u00e7o das estruturas j\u00e1 existentes.<\/p>\n\n\n\n<p>Rep\u00f3rter MT<\/p>\n\n\n\n<p><\/p>\n","protected":false},"excerpt":{"rendered":"<p>Interdi\u00e7\u00f5es ser\u00e3o realizadas na Avenida Miguel Sutil a partir das 8h deste s\u00e1bado (18), para a continuidade das obras do Complexo Vi\u00e1rio Leblon. As mudan\u00e7as s\u00e3o necess\u00e1rias para o in\u00edcio das obras em uma trincheira pr\u00f3ximo \u00e0 rotat\u00f3ria que d\u00e1 acesso ao bairro Jardim Leblon. Haver\u00e1 um bloqueio total na pista sentido Avenida Fernando Corr\u00eaa [&hellip;]<\/p>\n","protected":false},"author":2,"featured_media":7683,"comment_status":"closed","ping_status":"closed","sticky":false,"template":"","format":"standard","meta":{"_monsterinsights_skip_tracking":false,"_monsterinsights_sitenote_active":false,"_monsterinsights_sitenote_note":"","_monsterinsights_sitenote_category":0,"footnotes":""},"categories":[36,1],"tags":[],"_links":{"self":[{"href":"https:\/\/nazarenonews.com.br\/index.php\/wp-json\/wp\/v2\/posts\/7672"}],"collection":[{"href":"https:\/\/nazarenonews.com.br\/index.php\/wp-json\/wp\/v2\/posts"}],"about":[{"href":"https:\/\/nazarenonews.com.br\/index.php\/wp-json\/wp\/v2\/types\/post"}],"author":[{"embeddable":true,"href":"https:\/\/nazarenonews.com.br\/index.php\/wp-json\/wp\/v2\/users\/2"}],"replies":[{"embeddable":true,"href":"https:\/\/nazarenonews.com.br\/index.php\/wp-json\/wp\/v2\/comments?post=7672"}],"version-history":[{"count":1,"href":"https:\/\/nazarenonews.com.br\/index.php\/wp-json\/wp\/v2\/posts\/7672\/revisions"}],"predecessor-version":[{"id":7674,"href":"https:\/\/nazarenonews.com.br\/index.php\/wp-json\/wp\/v2\/posts\/7672\/revisions\/7674"}],"wp:featuredmedia":[{"embeddable":true,"href":"https:\/\/nazarenonews.com.br\/index.php\/wp-json\/wp\/v2\/media\/7683"}],"wp:attachment":[{"href":"https:\/\/nazarenonews.com.br\/index.php\/wp-json\/wp\/v2\/media?parent=7672"}],"wp:term":[{"taxonomy":"category","embeddable":true,"href":"https:\/\/nazarenonews.com.br\/index.php\/wp-json\/wp\/v2\/categories?post=7672"},{"taxonomy":"post_tag","embeddable":true,"href":"https:\/\/nazarenonews.com.br\/index.php\/wp-json\/wp\/v2\/tags?post=7672"}],"curies":[{"name":"wp","href":"https:\/\/api.w.org\/{rel}","templated":true}]}}