{"id":7666,"date":"2025-01-18T08:41:20","date_gmt":"2025-01-18T12:41:20","guid":{"rendered":"https:\/\/nazarenonews.com.br\/?p=7666"},"modified":"2025-01-18T13:02:18","modified_gmt":"2025-01-18T17:02:18","slug":"motorista-morre-e-dois-ficam-feridos-em-batida-na-mt-235","status":"publish","type":"post","link":"https:\/\/nazarenonews.com.br\/index.php\/2025\/01\/18\/motorista-morre-e-dois-ficam-feridos-em-batida-na-mt-235\/","title":{"rendered":"Motorista morre e dois ficam feridos em batida na MT-235"},"content":{"rendered":"\n<p>O motorista de uma caminhonete F-1000 morreu em batida com um caminh\u00e3o, na noite de sexta-feira (17), em Campo Novo do Parecis (396 km a Noroeste). Dois ocupantes do ve\u00edculo de carga firam feridos e foram socorridos para atendimento m\u00e9dico.<\/p>\n\n\n\n<p><br>Segundo informa\u00e7\u00f5es do site Portal Campo Novo, o acidente foi registrado na MT-235, aproximadamente 70 km de Campo Novo do Parecis, sentido Nova Mutum.<\/p>\n\n\n\n<p><br>O impacto da batida foi t\u00e3o violento que a parte frontal da F-1000 ficou destru\u00edda e o condutor, que ainda n\u00e3o teve o nome divulgado, morreu ainda no local.<\/p>\n\n\n\n<p><br>O Servi\u00e7o de Atendimento M\u00f3vel de Urg\u00eancia (Samu) foi acionado e prestou os primeiros socorros aos passageiros do caminh\u00e3o, pai e filha, que foram levados para o hospital. O estado de sa\u00fade de ambos n\u00e3o foi divulgado.<\/p>\n\n\n\n<p><br>A Pol\u00edcia Militar foi acionada para organizar o tr\u00e2nsito no trecho e isolar a \u00e1rea para os trabalhos de per\u00edcia e da Pol\u00edcia Civil, que ir\u00e1 apurar o acidente. Chovia no momento.<\/p>\n\n\n\n<p>Gazeta digital<\/p>\n\n\n\n<p><\/p>\n\n\n\n<p><a href=\"http:\/\/www.facebook.com\/sharer.php?u=https:\/\/www.gazetadigital.com.br\/editorias\/cidades\/motorista-morre-e-dois-ficam-feridos-em-batida-na-mt-235\/796079\"><\/a><\/p>\n","protected":false},"excerpt":{"rendered":"<p>O motorista de uma caminhonete F-1000 morreu em batida com um caminh\u00e3o, na noite de sexta-feira (17), em Campo Novo do Parecis (396 km a Noroeste). Dois ocupantes do ve\u00edculo de carga firam feridos e foram socorridos para atendimento m\u00e9dico. Segundo informa\u00e7\u00f5es do site Portal Campo Novo, o acidente foi registrado na MT-235, aproximadamente 70 [&hellip;]<\/p>\n","protected":false},"author":2,"featured_media":7681,"comment_status":"closed","ping_status":"closed","sticky":false,"template":"","format":"standard","meta":{"_monsterinsights_skip_tracking":false,"_monsterinsights_sitenote_active":false,"_monsterinsights_sitenote_note":"","_monsterinsights_sitenote_category":0,"footnotes":""},"categories":[51,1],"tags":[],"_links":{"self":[{"href":"https:\/\/nazarenonews.com.br\/index.php\/wp-json\/wp\/v2\/posts\/7666"}],"collection":[{"href":"https:\/\/nazarenonews.com.br\/index.php\/wp-json\/wp\/v2\/posts"}],"about":[{"href":"https:\/\/nazarenonews.com.br\/index.php\/wp-json\/wp\/v2\/types\/post"}],"author":[{"embeddable":true,"href":"https:\/\/nazarenonews.com.br\/index.php\/wp-json\/wp\/v2\/users\/2"}],"replies":[{"embeddable":true,"href":"https:\/\/nazarenonews.com.br\/index.php\/wp-json\/wp\/v2\/comments?post=7666"}],"version-history":[{"count":1,"href":"https:\/\/nazarenonews.com.br\/index.php\/wp-json\/wp\/v2\/posts\/7666\/revisions"}],"predecessor-version":[{"id":7668,"href":"https:\/\/nazarenonews.com.br\/index.php\/wp-json\/wp\/v2\/posts\/7666\/revisions\/7668"}],"wp:featuredmedia":[{"embeddable":true,"href":"https:\/\/nazarenonews.com.br\/index.php\/wp-json\/wp\/v2\/media\/7681"}],"wp:attachment":[{"href":"https:\/\/nazarenonews.com.br\/index.php\/wp-json\/wp\/v2\/media?parent=7666"}],"wp:term":[{"taxonomy":"category","embeddable":true,"href":"https:\/\/nazarenonews.com.br\/index.php\/wp-json\/wp\/v2\/categories?post=7666"},{"taxonomy":"post_tag","embeddable":true,"href":"https:\/\/nazarenonews.com.br\/index.php\/wp-json\/wp\/v2\/tags?post=7666"}],"curies":[{"name":"wp","href":"https:\/\/api.w.org\/{rel}","templated":true}]}}