{"id":7657,"date":"2025-01-17T17:46:33","date_gmt":"2025-01-17T21:46:33","guid":{"rendered":"https:\/\/nazarenonews.com.br\/?p=7657"},"modified":"2025-01-17T18:19:58","modified_gmt":"2025-01-17T22:19:58","slug":"familia-segue-em-busca-de-respostas-sobre-piloto-de-sp-que-desapareceu-ao-viajar-a-trabalho-para-mt-ha-1-mes","status":"publish","type":"post","link":"https:\/\/nazarenonews.com.br\/index.php\/2025\/01\/17\/familia-segue-em-busca-de-respostas-sobre-piloto-de-sp-que-desapareceu-ao-viajar-a-trabalho-para-mt-ha-1-mes\/","title":{"rendered":"Fam\u00edlia segue em busca de respostas sobre piloto de SP que desapareceu ao viajar a trabalho para MT h\u00e1 1 m\u00eas"},"content":{"rendered":"\n<p>Um m\u00eas ap\u00f3s a \u00faltima mensagem enviada, a fam\u00edlia continua procurando pelo piloto&nbsp;<strong>Raphael Alvarez Fonseca<\/strong>, de 38 anos, que est\u00e1&nbsp;<a class=\"\" href=\"https:\/\/g1.globo.com\/mt\/mato-grosso\/noticia\/2025\/01\/05\/piloto-de-sp-esta-desaparecido-ha-duas-semanas-apos-viajar-a-trabalho-para-mt.ghtml\">desaparecido desde o dia 18 de dezembro de 2024<\/a>, ap\u00f3s viajar a trabalho para Mato Grosso.<\/p>\n\n\n\n<p>\u00c0 principio, Raphael havia informado ao pai, Genildo Fonseca, que havia sido contratado para pilotar um helic\u00f3ptero, em\u00a0<a class=\"\" href=\"https:\/\/g1.globo.com\/mt\/mato-grosso\/cidade\/barra-do-garcas\/\">Barra do Gar\u00e7as<\/a>, a 516 km de Cuiab\u00e1. No entanto, Genildo contou ao<a class=\"\" href=\"https:\/\/g1.globo.com\/mt\/mato-grosso\/\"><strong>\u00a0g1<\/strong><\/a>, que nesta sexta-feira (17), a Pol\u00edcia Civil de Goi\u00e2nia (GO) informou que Raphael saiu da capital goianiense no dia 12 de dezembro, com destino \u00e0\u00a0<a class=\"\" href=\"https:\/\/g1.globo.com\/mt\/mato-grosso\/cidade\/rondonopolis\/\">Rondon\u00f3polis<\/a>\u00a0e depois\u00a0<a class=\"\" href=\"https:\/\/g1.globo.com\/mt\/mato-grosso\/cidade\/pocone\/\">Pocon\u00e9<\/a>, a 218 km e 104 km de Cuiab\u00e1 respectivamente, pilotando a aeronave Cessna Aircraft.<\/p>\n\n\n\n<p>Genildo afirmou que n\u00e3o sabe se o filho chegou a ir para Barra do Gar\u00e7as e descreveu a ang\u00fastia que a fam\u00edlia vem sentindo no \u00faltimo m\u00eas, mas refor\u00e7a a esperan\u00e7a de reencontrar o filho.<\/p>\n\n\n\n<p><strong>&#8220;Estou vivendo o momento mais dif\u00edcil da minha vida. A fam\u00edlia em desespero, sem informa\u00e7\u00f5es consistentes, uma ang\u00fastia enorme. Sensa\u00e7\u00e3o de impot\u00eancia, mas sem perder a esperan\u00e7a de encontr\u00e1-lo bem&#8221;, desabafou.<\/strong><\/p>\n\n\n\n<p>No \u00faltimo domingo (12), a Igreja e Convento de S\u00e3o Francisco, em S\u00e3o Paulo, celebrou uma missa em solidariedade \u00e0 fam\u00edlia que aguarda o retorno de Raphael.<\/p>\n\n\n\n<h2 class=\"wp-block-heading\">Cronologia do desaparecimento<\/h2>\n\n\n\n<p>Raphael e a fam\u00edlia moram em Caucaia do Alto, distrito de&nbsp;<a class=\"\" href=\"https:\/\/g1.globo.com\/sp\/sao-paulo\/cidade\/cotia\/\">Cotia (SP)<\/a>, de onde o piloto saiu no&nbsp;in\u00edcio de dezembro&nbsp;para realizar um trabalho de avia\u00e7\u00e3o executiva em Manaus (AM).&nbsp;A previs\u00e3o \u00e9 que ele retornasse para S\u00e3o Paulo no dia 9 de dezembro, mas entrou em contato com a fam\u00edlia informando sobre a oportunidade trabalho em Mato Grosso.<\/p>\n\n\n\n<p>Segundo Genildo, o filho disse que iria para Barra do Gar\u00e7as e pilotaria um helic\u00f3ptero Agusta. Depois, a fam\u00edlia n\u00e3o teve not\u00edcias de Raphael durante alguns dias. No dia&nbsp;12 de dezembro, Genildo entrou em contato com a empresa que vendeu a passagem de Manaus para Goi\u00e2nia (GO), cidade pr\u00f3xima \u00e0 Barra do Gar\u00e7as, em Mato Grosso.<\/p>\n\n\n\n<p>Tiago Gomes, a pessoa que teria vendido a passagem para Raphael, disse a Genildo que o piloto estava bem, que entraria em contato em breve e informou o hotel em que Raphael estava hospedado. Ao ligar para o hotel, Genildo soube que o filho j\u00e1 havia feito o checkout.<\/p>\n\n\n\n<p>A informa\u00e7\u00e3o fornecida pela Pol\u00edcia Civil de Goi\u00e2nia, de que Raphael teria sa\u00eddo de l\u00e1 para Rondon\u00f3polis, se encaixa nesse per\u00edodo, mesmo dia em que Genildo entrou em contato com a empresa de passagens.<\/p>\n\n\n\n<p>Depois de alguns dias de ang\u00fastia, Raphael fez uma chamada de v\u00eddeo para o pai no dia\u00a016 de dezembro, dizendo que voltaria em tempo de passar o Natal em casa.<\/p>\n\n\n\n<p><strong>&#8220;Pai est\u00e1 tudo bem por aqui. Depois conto detalhes&#8221;, disse Raphael durante a liga\u00e7\u00e3o.<\/strong><\/p>\n\n\n\n<p>No\u00a0dia seguinte, Raphael enviou uma mensagem para a esposa dizendo<em>\u00a0&#8216;n\u00e3o fala muito, t\u00f4 voando&#8217;<\/em>. Depois, todas as tentativas de contato da esposa n\u00e3o tiveram resposta.<\/p>\n\n\n\n<p>g1-MT<\/p>\n\n\n\n<p><\/p>\n","protected":false},"excerpt":{"rendered":"<p>Um m\u00eas ap\u00f3s a \u00faltima mensagem enviada, a fam\u00edlia continua procurando pelo piloto&nbsp;Raphael Alvarez Fonseca, de 38 anos, que est\u00e1&nbsp;desaparecido desde o dia 18 de dezembro de 2024, ap\u00f3s viajar a trabalho para Mato Grosso. \u00c0 principio, Raphael havia informado ao pai, Genildo Fonseca, que havia sido contratado para pilotar um helic\u00f3ptero, em\u00a0Barra do Gar\u00e7as, [&hellip;]<\/p>\n","protected":false},"author":2,"featured_media":7665,"comment_status":"closed","ping_status":"closed","sticky":false,"template":"","format":"standard","meta":{"_monsterinsights_skip_tracking":false,"_monsterinsights_sitenote_active":false,"_monsterinsights_sitenote_note":"","_monsterinsights_sitenote_category":0,"footnotes":""},"categories":[36,1],"tags":[],"_links":{"self":[{"href":"https:\/\/nazarenonews.com.br\/index.php\/wp-json\/wp\/v2\/posts\/7657"}],"collection":[{"href":"https:\/\/nazarenonews.com.br\/index.php\/wp-json\/wp\/v2\/posts"}],"about":[{"href":"https:\/\/nazarenonews.com.br\/index.php\/wp-json\/wp\/v2\/types\/post"}],"author":[{"embeddable":true,"href":"https:\/\/nazarenonews.com.br\/index.php\/wp-json\/wp\/v2\/users\/2"}],"replies":[{"embeddable":true,"href":"https:\/\/nazarenonews.com.br\/index.php\/wp-json\/wp\/v2\/comments?post=7657"}],"version-history":[{"count":1,"href":"https:\/\/nazarenonews.com.br\/index.php\/wp-json\/wp\/v2\/posts\/7657\/revisions"}],"predecessor-version":[{"id":7659,"href":"https:\/\/nazarenonews.com.br\/index.php\/wp-json\/wp\/v2\/posts\/7657\/revisions\/7659"}],"wp:featuredmedia":[{"embeddable":true,"href":"https:\/\/nazarenonews.com.br\/index.php\/wp-json\/wp\/v2\/media\/7665"}],"wp:attachment":[{"href":"https:\/\/nazarenonews.com.br\/index.php\/wp-json\/wp\/v2\/media?parent=7657"}],"wp:term":[{"taxonomy":"category","embeddable":true,"href":"https:\/\/nazarenonews.com.br\/index.php\/wp-json\/wp\/v2\/categories?post=7657"},{"taxonomy":"post_tag","embeddable":true,"href":"https:\/\/nazarenonews.com.br\/index.php\/wp-json\/wp\/v2\/tags?post=7657"}],"curies":[{"name":"wp","href":"https:\/\/api.w.org\/{rel}","templated":true}]}}