{"id":7654,"date":"2025-01-17T17:42:15","date_gmt":"2025-01-17T21:42:15","guid":{"rendered":"https:\/\/nazarenonews.com.br\/?p=7654"},"modified":"2025-01-17T18:19:23","modified_gmt":"2025-01-17T22:19:23","slug":"empresaria-de-barra-do-garcas-morre-ao-se-engasgar-com-maca","status":"publish","type":"post","link":"https:\/\/nazarenonews.com.br\/index.php\/2025\/01\/17\/empresaria-de-barra-do-garcas-morre-ao-se-engasgar-com-maca\/","title":{"rendered":"Empres\u00e1ria de Barra do Gar\u00e7as morre ao se engasgar com ma\u00e7\u00e3"},"content":{"rendered":"\n<p>T\u00e2nia Ferreira, uma das figuras mais conhecidas no segmento de beleza em Barra do Gar\u00e7as, faleceu nesta sexta-feira (17), aos 56 anos, ap\u00f3s um tr\u00e1gico acidente dom\u00e9stico.<\/p>\n\n\n\n<p>Segundo informa\u00e7\u00f5es preliminares, a empres\u00e1ria se engasgou com um peda\u00e7o de ma\u00e7\u00e3, mas detalhes oficiais sobre a ocorr\u00eancia ainda n\u00e3o foram divulgados.<\/p>\n\n\n\n<p>Nas redes sociais, amigos, familiares e clientes prestam homenagens \u00e0 cabeleireira, que dedicou mais de tr\u00eas d\u00e9cadas ao seu sal\u00e3o, refer\u00eancia em cortes femininos, penteados, maquiagem e tratamentos capilares.<\/p>\n\n\n\n<p>O Sal\u00e3o T\u00e2nia, como era conhecido, conquistou uma clientela fiel pela qualidade dos servi\u00e7os oferecidos e pelo carisma da empres\u00e1ria.<\/p>\n\n\n\n<p>Folha do estado<\/p>\n","protected":false},"excerpt":{"rendered":"<p>T\u00e2nia Ferreira, uma das figuras mais conhecidas no segmento de beleza em Barra do Gar\u00e7as, faleceu nesta sexta-feira (17), aos 56 anos, ap\u00f3s um tr\u00e1gico acidente dom\u00e9stico. Segundo informa\u00e7\u00f5es preliminares, a empres\u00e1ria se engasgou com um peda\u00e7o de ma\u00e7\u00e3, mas detalhes oficiais sobre a ocorr\u00eancia ainda n\u00e3o foram divulgados. Nas redes sociais, amigos, familiares e [&hellip;]<\/p>\n","protected":false},"author":2,"featured_media":7664,"comment_status":"closed","ping_status":"closed","sticky":false,"template":"","format":"standard","meta":{"_monsterinsights_skip_tracking":false,"_monsterinsights_sitenote_active":false,"_monsterinsights_sitenote_note":"","_monsterinsights_sitenote_category":0,"footnotes":""},"categories":[51,1],"tags":[],"_links":{"self":[{"href":"https:\/\/nazarenonews.com.br\/index.php\/wp-json\/wp\/v2\/posts\/7654"}],"collection":[{"href":"https:\/\/nazarenonews.com.br\/index.php\/wp-json\/wp\/v2\/posts"}],"about":[{"href":"https:\/\/nazarenonews.com.br\/index.php\/wp-json\/wp\/v2\/types\/post"}],"author":[{"embeddable":true,"href":"https:\/\/nazarenonews.com.br\/index.php\/wp-json\/wp\/v2\/users\/2"}],"replies":[{"embeddable":true,"href":"https:\/\/nazarenonews.com.br\/index.php\/wp-json\/wp\/v2\/comments?post=7654"}],"version-history":[{"count":1,"href":"https:\/\/nazarenonews.com.br\/index.php\/wp-json\/wp\/v2\/posts\/7654\/revisions"}],"predecessor-version":[{"id":7656,"href":"https:\/\/nazarenonews.com.br\/index.php\/wp-json\/wp\/v2\/posts\/7654\/revisions\/7656"}],"wp:featuredmedia":[{"embeddable":true,"href":"https:\/\/nazarenonews.com.br\/index.php\/wp-json\/wp\/v2\/media\/7664"}],"wp:attachment":[{"href":"https:\/\/nazarenonews.com.br\/index.php\/wp-json\/wp\/v2\/media?parent=7654"}],"wp:term":[{"taxonomy":"category","embeddable":true,"href":"https:\/\/nazarenonews.com.br\/index.php\/wp-json\/wp\/v2\/categories?post=7654"},{"taxonomy":"post_tag","embeddable":true,"href":"https:\/\/nazarenonews.com.br\/index.php\/wp-json\/wp\/v2\/tags?post=7654"}],"curies":[{"name":"wp","href":"https:\/\/api.w.org\/{rel}","templated":true}]}}