{"id":7648,"date":"2025-01-17T17:36:05","date_gmt":"2025-01-17T21:36:05","guid":{"rendered":"https:\/\/nazarenonews.com.br\/?p=7648"},"modified":"2025-01-17T18:17:26","modified_gmt":"2025-01-17T22:17:26","slug":"desembargador-discorda-de-abilio-e-defende-distribuicao-de-marmitas","status":"publish","type":"post","link":"https:\/\/nazarenonews.com.br\/index.php\/2025\/01\/17\/desembargador-discorda-de-abilio-e-defende-distribuicao-de-marmitas\/","title":{"rendered":"Desembargador discorda de Abilio e defende distribui\u00e7\u00e3o de marmitas"},"content":{"rendered":"\n<p>O desembargador do Tribunal de Justi\u00e7a de Mato Grosso (TJMT), Orlando Perri, discordou da medida anunciada pelo prefeito Abilio Brunini (PL), que vai proibir a distribui\u00e7\u00e3o de marmitas nas ruas de Cuiab\u00e1.<\/p>\n\n\n\n<p>Nesta sexta-feira (17), Abilio e o magistrado visitaram \u00e1reas ocupadas por moradores em situa\u00e7\u00e3o de rua na rotat\u00f3ria da rodovi\u00e1ria e no Beco do Candeeiro. Em entrevista \u00e0 imprensa, Perri pontuou que n\u00e3o a retirada da alimenta\u00e7\u00e3o de pessoas em vulnerabilidade n\u00e3o ir\u00e1 solucionar o problema.<\/p>\n\n\n\n<p>\u201cLamentavelmente discordo do prefeito, n\u00e3o \u00e9 por esta via, cortando a alimenta\u00e7\u00e3o desse povo que n\u00f3s vamos tirar desse territ\u00f3rio\u201d, disse.<\/p>\n\n\n\n<p>Conforme noticiou o\u00a0Gazeta digital, a ideia de Brunini \u00e9 construir um centro para que as pessoas em situa\u00e7\u00e3o de rua possam se alimentar e receber atendimentos de assist\u00eancia social e sa\u00fade. Tamb\u00e9m h\u00e1 a possibilidade de que a alimenta\u00e7\u00e3o seja feita em pontos espec\u00edficos, mas fora das vias p\u00fablicas.<\/p>\n\n\n\n<p>Perri pontuou que ser\u00e1 necess\u00e1rio o Poder P\u00fablico estruturar uma \u201cfor\u00e7a-tarefa\u201d para encontrar solu\u00e7\u00f5es para a situa\u00e7\u00e3o.<br>\u201cEstamos buscando solu\u00e7\u00f5es para esse grave problema da nossa popula\u00e7\u00e3o. Hoje n\u00f3s temos mais de 1.500 pessoas em situa\u00e7\u00e3o de rua. O governo tem que se preocupar com essa popula\u00e7\u00e3o porque s\u00e3o seres humanos e est\u00e3o vivendo em muita precariedade\u201d, disse.<\/p>\n\n\n\n<p>Gazeta digital<\/p>\n\n\n\n<p><\/p>\n","protected":false},"excerpt":{"rendered":"<p>O desembargador do Tribunal de Justi\u00e7a de Mato Grosso (TJMT), Orlando Perri, discordou da medida anunciada pelo prefeito Abilio Brunini (PL), que vai proibir a distribui\u00e7\u00e3o de marmitas nas ruas de Cuiab\u00e1. Nesta sexta-feira (17), Abilio e o magistrado visitaram \u00e1reas ocupadas por moradores em situa\u00e7\u00e3o de rua na rotat\u00f3ria da rodovi\u00e1ria e no Beco [&hellip;]<\/p>\n","protected":false},"author":2,"featured_media":7662,"comment_status":"closed","ping_status":"closed","sticky":false,"template":"","format":"standard","meta":{"_monsterinsights_skip_tracking":false,"_monsterinsights_sitenote_active":false,"_monsterinsights_sitenote_note":"","_monsterinsights_sitenote_category":0,"footnotes":""},"categories":[36,1,48],"tags":[],"_links":{"self":[{"href":"https:\/\/nazarenonews.com.br\/index.php\/wp-json\/wp\/v2\/posts\/7648"}],"collection":[{"href":"https:\/\/nazarenonews.com.br\/index.php\/wp-json\/wp\/v2\/posts"}],"about":[{"href":"https:\/\/nazarenonews.com.br\/index.php\/wp-json\/wp\/v2\/types\/post"}],"author":[{"embeddable":true,"href":"https:\/\/nazarenonews.com.br\/index.php\/wp-json\/wp\/v2\/users\/2"}],"replies":[{"embeddable":true,"href":"https:\/\/nazarenonews.com.br\/index.php\/wp-json\/wp\/v2\/comments?post=7648"}],"version-history":[{"count":1,"href":"https:\/\/nazarenonews.com.br\/index.php\/wp-json\/wp\/v2\/posts\/7648\/revisions"}],"predecessor-version":[{"id":7650,"href":"https:\/\/nazarenonews.com.br\/index.php\/wp-json\/wp\/v2\/posts\/7648\/revisions\/7650"}],"wp:featuredmedia":[{"embeddable":true,"href":"https:\/\/nazarenonews.com.br\/index.php\/wp-json\/wp\/v2\/media\/7662"}],"wp:attachment":[{"href":"https:\/\/nazarenonews.com.br\/index.php\/wp-json\/wp\/v2\/media?parent=7648"}],"wp:term":[{"taxonomy":"category","embeddable":true,"href":"https:\/\/nazarenonews.com.br\/index.php\/wp-json\/wp\/v2\/categories?post=7648"},{"taxonomy":"post_tag","embeddable":true,"href":"https:\/\/nazarenonews.com.br\/index.php\/wp-json\/wp\/v2\/tags?post=7648"}],"curies":[{"name":"wp","href":"https:\/\/api.w.org\/{rel}","templated":true}]}}