{"id":7645,"date":"2025-01-17T17:33:02","date_gmt":"2025-01-17T21:33:02","guid":{"rendered":"https:\/\/nazarenonews.com.br\/?p=7645"},"modified":"2025-01-17T18:13:57","modified_gmt":"2025-01-17T22:13:57","slug":"abilio-vai-proibir-distribuicao-de-marmitas-nas-ruas-de-cuiaba","status":"publish","type":"post","link":"https:\/\/nazarenonews.com.br\/index.php\/2025\/01\/17\/abilio-vai-proibir-distribuicao-de-marmitas-nas-ruas-de-cuiaba\/","title":{"rendered":"Abilio vai proibir distribui\u00e7\u00e3o de marmitas nas ruas de Cuiab\u00e1"},"content":{"rendered":"\n<p>Prefeito Abilio Brunini vai proibir a distribui\u00e7\u00e3o de marmitas nas ruas de Cuiab\u00e1. A ideia do gestor \u00e9 construir um centro para que as pessoas em situa\u00e7\u00e3o de rua possam se alimentar e receber atendimentos de assist\u00eancia social e sa\u00fade. Tamb\u00e9m h\u00e1 a possibilidade de que a alimenta\u00e7\u00e3o seja feita em pontos espec\u00edficos, mas fora das vias p\u00fablicas.&nbsp; &nbsp;<\/p>\n\n\n\n<p>Segundo Abilio, a proibi\u00e7\u00e3o tem como base leis da vigil\u00e2ncia sanit\u00e1ria que pro\u00edbem a distribui\u00e7\u00e3o de alimentos nas ruas. O gestor visitou \u00e1reas ocupadas por pessoas em situa\u00e7\u00e3o de rua na manh\u00e3 desta sexta-feira (17), onde constatou riscos a sa\u00fade individual e coletiva.<\/p>\n\n\n\n<p>\u201cN\u00e3o quero mais continuar com esse programa de marmitas nas ruas. Tamb\u00e9m n\u00e3o quero que a sociedade fa\u00e7a isso, vamos orientar, estabelecer um local de refei\u00e7\u00e3o, que seja no restaurante popular ou em um centro de apoio\u201d, disse o prefeito.<\/p>\n\n\n\n<p>Para ele, al\u00e9m da quest\u00e3o sanit\u00e1ria, h\u00e1 ainda o ponto \u201cfacilitador\u201d para que as pessoas continuem nas ruas. \u201cIsso prejudica as a\u00e7\u00f5es para tentar tir\u00e1-las das ruas. Ao mesmo tem que a gente faz o trabalho de convencimento, tem gente facilitando\u201d, disse.<\/p>\n\n\n\n<p>Prefeito ainda apontou que a gest\u00e3o vai come\u00e7ar a conscientizar associa\u00e7\u00f5es, ONGs e entidades para que a comida n\u00e3o seja distribu\u00edda. Depois desse per\u00edodo, pode resultar em at\u00e9 multa pela fiscaliza\u00e7\u00e3o municipal.<\/p>\n\n\n\n<p>\u201cN\u00e3o podemos dar multa para quem quer ser solid\u00e1rio. N\u00e3o \u00e9 essa a inten\u00e7\u00e3o. Vamos perguntar se querem oferecer em um lugar espec\u00edfico, dando apoio e suporte, mas orientando para que isso n\u00e3o seja feito em vias p\u00fablicas\u201d.<\/p>\n\n\n\n<p>Gazeta digital<\/p>\n","protected":false},"excerpt":{"rendered":"<p>Prefeito Abilio Brunini vai proibir a distribui\u00e7\u00e3o de marmitas nas ruas de Cuiab\u00e1. A ideia do gestor \u00e9 construir um centro para que as pessoas em situa\u00e7\u00e3o de rua possam se alimentar e receber atendimentos de assist\u00eancia social e sa\u00fade. Tamb\u00e9m h\u00e1 a possibilidade de que a alimenta\u00e7\u00e3o seja feita em pontos espec\u00edficos, mas fora [&hellip;]<\/p>\n","protected":false},"author":2,"featured_media":7661,"comment_status":"closed","ping_status":"closed","sticky":false,"template":"","format":"standard","meta":{"_monsterinsights_skip_tracking":false,"_monsterinsights_sitenote_active":false,"_monsterinsights_sitenote_note":"","_monsterinsights_sitenote_category":0,"footnotes":""},"categories":[36,1,48],"tags":[],"_links":{"self":[{"href":"https:\/\/nazarenonews.com.br\/index.php\/wp-json\/wp\/v2\/posts\/7645"}],"collection":[{"href":"https:\/\/nazarenonews.com.br\/index.php\/wp-json\/wp\/v2\/posts"}],"about":[{"href":"https:\/\/nazarenonews.com.br\/index.php\/wp-json\/wp\/v2\/types\/post"}],"author":[{"embeddable":true,"href":"https:\/\/nazarenonews.com.br\/index.php\/wp-json\/wp\/v2\/users\/2"}],"replies":[{"embeddable":true,"href":"https:\/\/nazarenonews.com.br\/index.php\/wp-json\/wp\/v2\/comments?post=7645"}],"version-history":[{"count":1,"href":"https:\/\/nazarenonews.com.br\/index.php\/wp-json\/wp\/v2\/posts\/7645\/revisions"}],"predecessor-version":[{"id":7647,"href":"https:\/\/nazarenonews.com.br\/index.php\/wp-json\/wp\/v2\/posts\/7645\/revisions\/7647"}],"wp:featuredmedia":[{"embeddable":true,"href":"https:\/\/nazarenonews.com.br\/index.php\/wp-json\/wp\/v2\/media\/7661"}],"wp:attachment":[{"href":"https:\/\/nazarenonews.com.br\/index.php\/wp-json\/wp\/v2\/media?parent=7645"}],"wp:term":[{"taxonomy":"category","embeddable":true,"href":"https:\/\/nazarenonews.com.br\/index.php\/wp-json\/wp\/v2\/categories?post=7645"},{"taxonomy":"post_tag","embeddable":true,"href":"https:\/\/nazarenonews.com.br\/index.php\/wp-json\/wp\/v2\/tags?post=7645"}],"curies":[{"name":"wp","href":"https:\/\/api.w.org\/{rel}","templated":true}]}}