{"id":7601,"date":"2025-01-17T08:25:04","date_gmt":"2025-01-17T12:25:04","guid":{"rendered":"https:\/\/nazarenonews.com.br\/?p=7601"},"modified":"2025-01-17T08:25:04","modified_gmt":"2025-01-17T12:25:04","slug":"casos-de-dengue-zika-e-chikungunya-explodem-em-vg-e-prefeita-decreta-emergencia","status":"publish","type":"post","link":"https:\/\/nazarenonews.com.br\/index.php\/2025\/01\/17\/casos-de-dengue-zika-e-chikungunya-explodem-em-vg-e-prefeita-decreta-emergencia\/","title":{"rendered":"Casos de dengue, zika e chikungunya &#8216;explodem&#8217; em VG e prefeita decreta emerg\u00eancia"},"content":{"rendered":"\n<p>Prefeita Fl\u00e1via Moretti decretou nesta quinta-feira (16) situa\u00e7\u00e3o de emerg\u00eancia na Sa\u00fade P\u00fablica de V\u00e1rzea Grande diante do alarmante n\u00famero de casos de arboviroses &#8211; Dengue, Zika e Chikungunya.&nbsp; Na cidade, a&nbsp;Chikungunya \u00e9 a doen\u00e7a mais notificada.<\/p>\n\n\n\n<p>Conforme o munic\u00edpio, s\u00f3 nos primeiros dias do ano foi registrado um crescimento de 400% no n\u00famero de notifica\u00e7\u00f5es. Para Moretti, o aumento \u00e9 assustador. \u201cDiante desse cen\u00e1rio epidemiol\u00f3gico na cidade, somos obrigados a buscar medidas urgentes para melhor efetividade e efici\u00eancia, especialmente, nos diagn\u00f3sticos, das doen\u00e7as. A popula\u00e7\u00e3o est\u00e1 sofrendo e o poder de p\u00fablico tem de intervir\u201d, disse ap\u00f3s realizar visita \u00e0 UPA do Cristo Rei, no final da manh\u00e3.<\/p>\n\n\n\n<p>A prefeita ainda citou que a gest\u00e3o passada deixou de notificar os casos das arboviroses e que, por isso, o munic\u00edpio perdeu de realizar medidas e a\u00e7\u00f5es para antecipar a situa\u00e7\u00e3o, especialmente diante do aumento de pessoas que est\u00e3o procurando as unidades de sa\u00fade.&nbsp;<\/p>\n\n\n\n<p><br>Vigil\u00e2ncia Epidemiol\u00f3gica registrou, nas \u00faltimas duas semanas, 468 notifica\u00e7\u00f5es, sendo um total de 912 j\u00e1 acumulados, apresentando uma incid\u00eancia de 300,04 a cada mil habitantes, colocando a cidade em alto risco de transmiss\u00e3o.&nbsp;<\/p>\n\n\n\n<p><strong>Novo v\u00edrus<\/strong><\/p>\n\n\n\n<p>Houve ainda registro de um novo v\u00edrus circulante, o oropouche, que transmite a febre do oropouche e tem poder epid\u00eamico maior, comparado aos outros v\u00edrus que j\u00e1 circulam no munic\u00edpio, como o da zika, dengue e chikungunya.<\/p>\n\n\n\n<p><strong>DECRETO&nbsp;<\/strong><\/p>\n\n\n\n<p>Uma emerg\u00eancia em sa\u00fade p\u00fablica caracteriza-se como uma situa\u00e7\u00e3o que demande o emprego urgente de medidas de preven\u00e7\u00e3o, de controle e de conten\u00e7\u00e3o de riscos, de danos e de agravos \u00e0 sa\u00fade p\u00fablica em situa\u00e7\u00f5es que podem ser epidemiol\u00f3gicas (surtos e epidemias), de desastres, ou de desassist\u00eancia \u00e0 popula\u00e7\u00e3o.<\/p>\n\n\n\n<p>Conforme o decreto, o Munic\u00edpio estar\u00e1 adotando todas as medidas administrativas e assistenciais necess\u00e1rias \u00e0 conten\u00e7\u00e3o do aumento da incid\u00eancia de casos de arboviroses, em especial para aquisi\u00e7\u00e3o p\u00fablica de insumos e materiais, doa\u00e7\u00e3o e cess\u00e3o de equipamentos e bens e a contrata\u00e7\u00e3o de servi\u00e7os estritamente necess\u00e1rios ao atendimento da situa\u00e7\u00e3o emergencial, nos termos do inciso VIII do art. 75 da Lei Federal n\u00ba 14.133, de 1\u00ba de abril de 2021.<\/p>\n\n\n\n<p><br>Caber\u00e1 \u00e0 Secretaria de Municipal de Sa\u00fade (SMS) instituir diretrizes gerais para a execu\u00e7\u00e3o das medidas de enfrentamento da situa\u00e7\u00e3o de emerg\u00eancia em sa\u00fade p\u00fablica, podendo, no \u00e2mbito de suas compet\u00eancias, editar normas complementares para a fiel execu\u00e7\u00e3o do decreto.<\/p>\n\n\n\n<p><br>Como explica a secret\u00e1ria de Sa\u00fade, Deisi C\u00e1ssia Bocalon Maia, uma das primeiras medidas adotadas \u00e9 o retorno das coletas dos exames laboratoriais, que j\u00e1 foi feito nesta semana, a prioriza\u00e7\u00e3o nos casos de dengue e arboviroses, e que tem quadros bem semelhantes, e trabalhar junto aos agentes comunit\u00e1rios de sa\u00fade para informa\u00e7\u00e3o da comunidade.<\/p>\n\n\n\n<p><br>A secret\u00e1ria destacou ainda que junto \u00e0 secretaria de Servi\u00e7os P\u00fablicos, ser\u00e1 solicitada a limpeza de terrenos baldios, e campanhas de conscientiza\u00e7\u00e3o pelos meios de comunica\u00e7\u00e3o, \u201cpara que a gente possa fazer com que as nossas casas, resid\u00eancias e terrenos permane\u00e7am de forma limpa para evitar o criadouro do vetor, que \u00e9 o mosquito. O mosquito Aedes aegypti \u00e9 o principal vetor dessas arboviroses no Brasil\u201d.<\/p>\n\n\n\n<p><br>Outra medida adotada pela secretaria de Sa\u00fade ser\u00e1 a compra de um quantitativo de amostras (tubos para amostra) desses exames, para fazer os exames de sorologia. \u201cConfirmando ou n\u00e3o os casos, vamos fazer uma a\u00e7\u00e3o continuada de educa\u00e7\u00e3o em Sa\u00fade com todas as unidades b\u00e1sicas de Sa\u00fade e refor\u00e7ar os atendimentos nas UPAs e no Pronto Socorro\u201d, completou Deisi.<\/p>\n\n\n\n<p>Fonte: Gazeta Digital<\/p>\n\n\n\n<p><a href=\"http:\/\/www.facebook.com\/sharer.php?u=https:\/\/www.gazetadigital.com.br\/editorias\/politica-de-mt\/casos-de-dengue-zika-e-chikungunya-explodem-em-vg-e-prefeita-decreta-emergencia\/796015\"><\/a><\/p>\n","protected":false},"excerpt":{"rendered":"<p>Prefeita Fl\u00e1via Moretti decretou nesta quinta-feira (16) situa\u00e7\u00e3o de emerg\u00eancia na Sa\u00fade P\u00fablica de V\u00e1rzea Grande diante do alarmante n\u00famero de casos de arboviroses &#8211; Dengue, Zika e Chikungunya.&nbsp; Na cidade, a&nbsp;Chikungunya \u00e9 a doen\u00e7a mais notificada. Conforme o munic\u00edpio, s\u00f3 nos primeiros dias do ano foi registrado um crescimento de 400% no n\u00famero de [&hellip;]<\/p>\n","protected":false},"author":2,"featured_media":7602,"comment_status":"closed","ping_status":"closed","sticky":false,"template":"","format":"standard","meta":{"_monsterinsights_skip_tracking":false,"_monsterinsights_sitenote_active":false,"_monsterinsights_sitenote_note":"","_monsterinsights_sitenote_category":0,"footnotes":""},"categories":[1],"tags":[],"_links":{"self":[{"href":"https:\/\/nazarenonews.com.br\/index.php\/wp-json\/wp\/v2\/posts\/7601"}],"collection":[{"href":"https:\/\/nazarenonews.com.br\/index.php\/wp-json\/wp\/v2\/posts"}],"about":[{"href":"https:\/\/nazarenonews.com.br\/index.php\/wp-json\/wp\/v2\/types\/post"}],"author":[{"embeddable":true,"href":"https:\/\/nazarenonews.com.br\/index.php\/wp-json\/wp\/v2\/users\/2"}],"replies":[{"embeddable":true,"href":"https:\/\/nazarenonews.com.br\/index.php\/wp-json\/wp\/v2\/comments?post=7601"}],"version-history":[{"count":1,"href":"https:\/\/nazarenonews.com.br\/index.php\/wp-json\/wp\/v2\/posts\/7601\/revisions"}],"predecessor-version":[{"id":7603,"href":"https:\/\/nazarenonews.com.br\/index.php\/wp-json\/wp\/v2\/posts\/7601\/revisions\/7603"}],"wp:featuredmedia":[{"embeddable":true,"href":"https:\/\/nazarenonews.com.br\/index.php\/wp-json\/wp\/v2\/media\/7602"}],"wp:attachment":[{"href":"https:\/\/nazarenonews.com.br\/index.php\/wp-json\/wp\/v2\/media?parent=7601"}],"wp:term":[{"taxonomy":"category","embeddable":true,"href":"https:\/\/nazarenonews.com.br\/index.php\/wp-json\/wp\/v2\/categories?post=7601"},{"taxonomy":"post_tag","embeddable":true,"href":"https:\/\/nazarenonews.com.br\/index.php\/wp-json\/wp\/v2\/tags?post=7601"}],"curies":[{"name":"wp","href":"https:\/\/api.w.org\/{rel}","templated":true}]}}