{"id":7157,"date":"2025-01-08T16:21:48","date_gmt":"2025-01-08T20:21:48","guid":{"rendered":"https:\/\/nazarenonews.com.br\/?p=7157"},"modified":"2025-01-09T08:43:13","modified_gmt":"2025-01-09T12:43:13","slug":"varzea-grande-mt-abre-novo-prazo-para-solicitacao-de-matriculas-na-rede-municipal-veja-como-solicitar","status":"publish","type":"post","link":"https:\/\/nazarenonews.com.br\/index.php\/2025\/01\/08\/varzea-grande-mt-abre-novo-prazo-para-solicitacao-de-matriculas-na-rede-municipal-veja-como-solicitar\/","title":{"rendered":"V\u00e1rzea Grande (MT) abre novo prazo para solicita\u00e7\u00e3o de matr\u00edculas na rede municipal; veja como solicitar"},"content":{"rendered":"\n<p>A Prefeitura de&nbsp;<a class=\"\" href=\"https:\/\/g1.globo.com\/mt\/mato-grosso\/cidade\/varzea-grande-mt\/\">V\u00e1rzea Grande<\/a>, regi\u00e3o metropolitana de&nbsp;<a class=\"\" href=\"https:\/\/g1.globo.com\/mt\/mato-grosso\/cidade\/cuiaba\/\">Cuiab\u00e1<\/a>, estendeu o prazo para solicita\u00e7\u00e3o online de matr\u00edculas nas escolas municipais de Ensino B\u00e1sico (EMEB) e Centros municipais de Educa\u00e7\u00e3o Infantil (CMEI) do munic\u00edpio.<\/p>\n\n\n\n<p>O sistema foi reaberto nesta quarta-feira (8) e ainda n\u00e3o h\u00e1 informa\u00e7\u00f5es sobre o encerramento do prazo. As solicita\u00e7\u00f5es devem ser feitas atrav\u00e9s do&nbsp;<a class=\"\" href=\"http:\/\/www.varzeagrande.mt.gov.br\/gestao-educacional\" target=\"_blank\" rel=\"noreferrer noopener\"><strong>Portal da Prefeitura no \u00edcone \u201cMatr\u00edcula web\u201d<\/strong><\/a>.<\/p>\n\n\n\n<p>O secret\u00e1rio de Educa\u00e7\u00e3o do munic\u00edpio, Edson Sestari, informou que os pais ou respons\u00e1veis que&nbsp;<strong>j\u00e1 efetuaram a inscri\u00e7\u00e3o no sistema em dezembro do ano passado, n\u00e3o precisam fazer uma nova<\/strong>.<\/p>\n\n\n\n<p>Sestari explicou que mesmo as pessoas que n\u00e3o receberam o e-mail da confirma\u00e7\u00e3o da vaga, permanecem no sistema, por\u00e9m, est\u00e3o aguardando na fila de espera.<\/p>\n\n\n\n<h2 class=\"wp-block-heading\">Confirma\u00e7\u00e3o da matr\u00edcula<\/h2>\n\n\n\n<p>No dia seguinte ao t\u00e9rmino dos prazos, a equipe da Secretaria Municipal de Educa\u00e7\u00e3o, Cultura, Esporte e Lazer ir\u00e1 realizar a valida\u00e7\u00e3o das vagas, abrindo um prazo de cinco dias \u00fateis para pais ou respons\u00e1veis efetivarem a matr\u00edcula de forma presencial nas unidades escolares.<\/p>\n\n\n\n<p>Os respons\u00e1veis dever\u00e3o comparecer nas escolas, com documentos pessoais e da crian\u00e7a, sendo eles:<\/p>\n\n\n\n<ul>\n<li>Certid\u00e3o de nascimento ou RG;<\/li>\n\n\n\n<li>Foto 3&#215;4;<\/li>\n\n\n\n<li>C\u00f3pia do Cart\u00e3o de Vacina da crian\u00e7a;<\/li>\n\n\n\n<li>Comprovante de endere\u00e7o atualizado;<\/li>\n\n\n\n<li>C\u00f3pia do RG e CPF dos pais ou respons\u00e1veis<\/li>\n<\/ul>\n\n\n\n<p>g1-MT<\/p>\n","protected":false},"excerpt":{"rendered":"<p>A Prefeitura de&nbsp;V\u00e1rzea Grande, regi\u00e3o metropolitana de&nbsp;Cuiab\u00e1, estendeu o prazo para solicita\u00e7\u00e3o online de matr\u00edculas nas escolas municipais de Ensino B\u00e1sico (EMEB) e Centros municipais de Educa\u00e7\u00e3o Infantil (CMEI) do munic\u00edpio. O sistema foi reaberto nesta quarta-feira (8) e ainda n\u00e3o h\u00e1 informa\u00e7\u00f5es sobre o encerramento do prazo. As solicita\u00e7\u00f5es devem ser feitas atrav\u00e9s do&nbsp;Portal [&hellip;]<\/p>\n","protected":false},"author":2,"featured_media":7168,"comment_status":"closed","ping_status":"closed","sticky":false,"template":"","format":"standard","meta":{"_monsterinsights_skip_tracking":false,"_monsterinsights_sitenote_active":false,"_monsterinsights_sitenote_note":"","_monsterinsights_sitenote_category":0,"footnotes":""},"categories":[1],"tags":[],"_links":{"self":[{"href":"https:\/\/nazarenonews.com.br\/index.php\/wp-json\/wp\/v2\/posts\/7157"}],"collection":[{"href":"https:\/\/nazarenonews.com.br\/index.php\/wp-json\/wp\/v2\/posts"}],"about":[{"href":"https:\/\/nazarenonews.com.br\/index.php\/wp-json\/wp\/v2\/types\/post"}],"author":[{"embeddable":true,"href":"https:\/\/nazarenonews.com.br\/index.php\/wp-json\/wp\/v2\/users\/2"}],"replies":[{"embeddable":true,"href":"https:\/\/nazarenonews.com.br\/index.php\/wp-json\/wp\/v2\/comments?post=7157"}],"version-history":[{"count":1,"href":"https:\/\/nazarenonews.com.br\/index.php\/wp-json\/wp\/v2\/posts\/7157\/revisions"}],"predecessor-version":[{"id":7160,"href":"https:\/\/nazarenonews.com.br\/index.php\/wp-json\/wp\/v2\/posts\/7157\/revisions\/7160"}],"wp:featuredmedia":[{"embeddable":true,"href":"https:\/\/nazarenonews.com.br\/index.php\/wp-json\/wp\/v2\/media\/7168"}],"wp:attachment":[{"href":"https:\/\/nazarenonews.com.br\/index.php\/wp-json\/wp\/v2\/media?parent=7157"}],"wp:term":[{"taxonomy":"category","embeddable":true,"href":"https:\/\/nazarenonews.com.br\/index.php\/wp-json\/wp\/v2\/categories?post=7157"},{"taxonomy":"post_tag","embeddable":true,"href":"https:\/\/nazarenonews.com.br\/index.php\/wp-json\/wp\/v2\/tags?post=7157"}],"curies":[{"name":"wp","href":"https:\/\/api.w.org\/{rel}","templated":true}]}}