{"id":7151,"date":"2025-01-08T16:15:58","date_gmt":"2025-01-08T20:15:58","guid":{"rendered":"https:\/\/nazarenonews.com.br\/?p=7151"},"modified":"2025-01-09T08:18:13","modified_gmt":"2025-01-09T12:18:13","slug":"abilio-endurece-regras-e-promete-batidas-em-unidades-de-saude-pode-se-preparar","status":"publish","type":"post","link":"https:\/\/nazarenonews.com.br\/index.php\/2025\/01\/08\/abilio-endurece-regras-e-promete-batidas-em-unidades-de-saude-pode-se-preparar\/","title":{"rendered":"Abilio endurece regras e promete &#8220;batidas&#8221; em Unidades de Sa\u00fade: &#8220;Pode se preparar&#8221;"},"content":{"rendered":"\n<p>O prefeito de Cuiab\u00e1 Abilio Brunini (PL) anunciou, nesta ter\u00e7a-feira (08), que vai fazer uma batida em todas as unidades de sa\u00fade municipais para fiscalizar, endurecer regras e cobrar solu\u00e7\u00f5es. Ele j\u00e1 esteve na Pol\u00edcl\u00ednica do Pedra 90 e nas Unidade de Pronto Atendimento (UPAs) do Pascoal Ramos e do Pedra 90.<\/p>\n\n\n\n<p><em><strong>\u201cEu passo boa parte do tempo dentro da Prefeitura assinando pap\u00e9is, fazendo gest\u00e3o e outra parte do tempo eu vou pra rua e eu j\u00e1 aviso, eu vou no posto de sa\u00fade. Posto de sa\u00fade que n\u00e3o tiver funcionando pode se preparar, o prefeito vai chegar com a secret\u00e1ria a\u00ed. &#8216;Ah mas voc\u00ea vai ficalizar?&#8217; Vou fiscalizar e cobrar solu\u00e7\u00e3o e quem n\u00e3o tiver trabalhando da forma correta e se eu tiver que escolher entre a pessoa que t\u00e1 trabalhando e o paciente, eu sempre vou escolher o paciente&#8221;<\/strong><\/em>,&nbsp;disse o prefeito \u00e0 imprensa.<\/p>\n\n\n\n<p>Abilio aproveitou ainda para anunciar uma s\u00e9rie de mudan\u00e7as adotadas pela Prefeitura, por meio da Secretaria Municipal de Sa\u00fade (SMS), dentre elas est\u00e1 o atendimento m\u00e9dico nos Postos de Sa\u00fade Familiar (PSF), de atendimento m\u00e9dico prim\u00e1rio, que recebiam apenas pacientes com agendamento e realizava uma m\u00e9dia de seis atendimentos por dia.<\/p>\n\n\n\n<p>Segundo Abilio, os PSFs passar\u00e3o a atender sem agendamento para atender um n\u00famero maior de pacientes.<\/p>\n\n\n\n<p><em><strong>\u201cAs pessoas reclamam que demora 30 dias para marcar uma consulta no Posto de Sa\u00fade e, \u00e0s vezes chega l\u00e1, o m\u00e9dico n\u00e3o est\u00e1<\/strong><\/em>\u201d, ressaltou Abilio.<\/p>\n\n\n\n<p>Al\u00e9m disso, embasado em portarias do Minist\u00e9rio da Sa\u00fade e na Lei Federal que regula o Sistema \u00danico de Sa\u00fade (SUS), Abilio decidiu que n\u00e3o haver\u00e1 mais a determina\u00e7\u00e3o da \u00e1rea de cobertura, que recusava pacientes que n\u00e3o moravam nos bairros atendidos por determinado PSF. A nova regra permitir\u00e1 que o paciente procure atendimento prim\u00e1rio em qualquer Posto de Sa\u00fade Familiar, independente do bairro onde mora.<\/p>\n\n\n\n<p>Quanto \u00e0s mudan\u00e7as, Abilio chegou a mencionar que um grupo de m\u00e9dicos ficaram insatisfeitos e se posicionaram contra ele, alegando que a medida poder\u00e1 superlotar os Postos de Sa\u00fade.<\/p>\n\n\n\n<p>\u201c<em><strong>Um grupo de m\u00e9dicos decidiu se posicionar contra mim, falando que n\u00e3o \u00e9 o ideal, que n\u00e3o \u00e9 o melhor. O melhor \u00e9 o que? N\u00e3o ser atendido? (&#8230;) A minha obriga\u00e7\u00e3o \u00e9 garantir o atendimento \u00e0 popula\u00e7\u00e3o<\/strong><\/em>\u201d, asseverou.<\/p>\n\n\n\n<p>Abilio disse tamb\u00e9m que vai endurecer tamb\u00e9m as regras para os profissionais de sa\u00fade, para que enfermeiros e m\u00e9dicos possam receber o mesmo tratamento. Ele destacou o fato de que, se um enfermeiro falta ao servi\u00e7o e apresenta um atestado, ele perde o Pr\u00eamio Sa\u00fade, premia\u00e7\u00e3o paga aos servidores p\u00fablicos da SMS. J\u00e1 o m\u00e9dico, na mesma situa\u00e7\u00e3o, n\u00e3o perde o pr\u00eamio.<\/p>\n\n\n\n<p>\u201c<em><strong>Vamos ter regra igual de produtividade, de atendimento, de servi\u00e7o. Todos os profissionais da sa\u00fade ter\u00e3o o mesmo tratamento<\/strong><\/em>\u201d, garantiu o prefeito.<\/p>\n\n\n\n<p>Por fim, Abilio assegurou que se algum m\u00e9dico do PSF, que atende menos pacientes e recebe um sal\u00e1rio maior, ficar insatisfeito com a mudan\u00e7a, ele ser\u00e1 transferido para uma Unidade de Pronto Atendimento (UPA) e passar\u00e1 a trabalhar mais e receber menos.<\/p>\n\n\n\n<p>\u201c<em><strong>Se ele tiver reclamando de ter que atender 15, 20 pessoas em um dia, a gente vai trocar ele e mandar ele pra UPA, a\u00ed na UPA ele vai atender 40, 50, 60 pessoas por dia ainda vai ganhar menos<\/strong><\/em>\u201d, disse.<\/p>\n\n\n\n<p>Rep\u00f3rter MT<\/p>\n","protected":false},"excerpt":{"rendered":"<p>O prefeito de Cuiab\u00e1 Abilio Brunini (PL) anunciou, nesta ter\u00e7a-feira (08), que vai fazer uma batida em todas as unidades de sa\u00fade municipais para fiscalizar, endurecer regras e cobrar solu\u00e7\u00f5es. Ele j\u00e1 esteve na Pol\u00edcl\u00ednica do Pedra 90 e nas Unidade de Pronto Atendimento (UPAs) do Pascoal Ramos e do Pedra 90. \u201cEu passo boa [&hellip;]<\/p>\n","protected":false},"author":2,"featured_media":7100,"comment_status":"closed","ping_status":"closed","sticky":false,"template":"","format":"standard","meta":{"_monsterinsights_skip_tracking":false,"_monsterinsights_sitenote_active":false,"_monsterinsights_sitenote_note":"","_monsterinsights_sitenote_category":0,"footnotes":""},"categories":[1,48],"tags":[],"_links":{"self":[{"href":"https:\/\/nazarenonews.com.br\/index.php\/wp-json\/wp\/v2\/posts\/7151"}],"collection":[{"href":"https:\/\/nazarenonews.com.br\/index.php\/wp-json\/wp\/v2\/posts"}],"about":[{"href":"https:\/\/nazarenonews.com.br\/index.php\/wp-json\/wp\/v2\/types\/post"}],"author":[{"embeddable":true,"href":"https:\/\/nazarenonews.com.br\/index.php\/wp-json\/wp\/v2\/users\/2"}],"replies":[{"embeddable":true,"href":"https:\/\/nazarenonews.com.br\/index.php\/wp-json\/wp\/v2\/comments?post=7151"}],"version-history":[{"count":2,"href":"https:\/\/nazarenonews.com.br\/index.php\/wp-json\/wp\/v2\/posts\/7151\/revisions"}],"predecessor-version":[{"id":7162,"href":"https:\/\/nazarenonews.com.br\/index.php\/wp-json\/wp\/v2\/posts\/7151\/revisions\/7162"}],"wp:featuredmedia":[{"embeddable":true,"href":"https:\/\/nazarenonews.com.br\/index.php\/wp-json\/wp\/v2\/media\/7100"}],"wp:attachment":[{"href":"https:\/\/nazarenonews.com.br\/index.php\/wp-json\/wp\/v2\/media?parent=7151"}],"wp:term":[{"taxonomy":"category","embeddable":true,"href":"https:\/\/nazarenonews.com.br\/index.php\/wp-json\/wp\/v2\/categories?post=7151"},{"taxonomy":"post_tag","embeddable":true,"href":"https:\/\/nazarenonews.com.br\/index.php\/wp-json\/wp\/v2\/tags?post=7151"}],"curies":[{"name":"wp","href":"https:\/\/api.w.org\/{rel}","templated":true}]}}