{"id":7138,"date":"2025-01-08T10:23:29","date_gmt":"2025-01-08T14:23:29","guid":{"rendered":"https:\/\/nazarenonews.com.br\/?p=7138"},"modified":"2025-01-08T10:23:29","modified_gmt":"2025-01-08T14:23:29","slug":"cuiaba-tem-aumento-de-85-nos-casos-de-dengue-em-2024","status":"publish","type":"post","link":"https:\/\/nazarenonews.com.br\/index.php\/2025\/01\/08\/cuiaba-tem-aumento-de-85-nos-casos-de-dengue-em-2024\/","title":{"rendered":"Cuiab\u00e1 tem aumento de 85% nos casos de dengue em 2024"},"content":{"rendered":"\n<p>Cuiab\u00e1 finalizou o ano de 2024 com um aumento de 85% nos casos de dengue em compara\u00e7\u00e3o com o ano anterior, conforme o \u00faltimo boletim epidemiol\u00f3gico divulgado pela Secretaria Estadual de Sa\u00fade (SES-MT), na \u00faltima semana de dezembro.<\/p>\n\n\n\n<p>Segundo o \u00f3rg\u00e3o, foram registrados <strong>2.552 casos da doen\u00e7a na capital<\/strong>, enquanto em 2023 houveram 1.373 casos.<\/p>\n\n\n\n<p>At\u00e9 o momento, <strong>n\u00e3o foram divulgados dados de 2025<\/strong>. Apesar disso, a cidade registrou uma alta de atendimento em casos de dengue nas Unidades de Pronto Atendimento (UPAs) entre o dia 1\u00b0 e esta ter\u00e7a-feira (7).<\/p>\n\n\n\n<p>Em nota, a Prefeitura de Cuiab\u00e1 confirmou aumento no n\u00famero de notifica\u00e7\u00f5es durante a primeira semana de 2025, mas descarta a possibilidade de surto ou situa\u00e7\u00e3o de emerg\u00eancia relacionada a doen\u00e7a. Segundo a prefeitura, a situa\u00e7\u00e3o est\u00e1 sendo monitorada pela Vigil\u00e2ncia Epidemiol\u00f3gica.<\/p>\n\n\n\n<p>No ano passado, 39 pessoas morreram em decorr\u00eancia da dengue em Mato Grosso em 2024, conforme o levantamento da SES.<\/p>\n\n\n\n<h2 class=\"wp-block-heading\">Aten\u00e7\u00e3o aos sintomas:<\/h2>\n\n\n\n<ul>\n<li>Febre alta (39\u00baC a 40\u00baC)<\/li>\n\n\n\n<li>Dor de cabe\u00e7a intensa<\/li>\n\n\n\n<li>Dor atr\u00e1s dos olhos<\/li>\n\n\n\n<li>Dores musculares e articulares<\/li>\n\n\n\n<li>N\u00e1usea e v\u00f4mito<\/li>\n\n\n\n<li>Manchas vermelhas no corpo<\/li>\n<\/ul>\n\n\n\n<p>Fonte: G1<\/p>\n","protected":false},"excerpt":{"rendered":"<p>Cuiab\u00e1 finalizou o ano de 2024 com um aumento de 85% nos casos de dengue em compara\u00e7\u00e3o com o ano anterior, conforme o \u00faltimo boletim epidemiol\u00f3gico divulgado pela Secretaria Estadual de Sa\u00fade (SES-MT), na \u00faltima semana de dezembro. Segundo o \u00f3rg\u00e3o, foram registrados 2.552 casos da doen\u00e7a na capital, enquanto em 2023 houveram 1.373 casos. [&hellip;]<\/p>\n","protected":false},"author":2,"featured_media":7139,"comment_status":"closed","ping_status":"closed","sticky":false,"template":"","format":"standard","meta":{"_monsterinsights_skip_tracking":false,"_monsterinsights_sitenote_active":false,"_monsterinsights_sitenote_note":"","_monsterinsights_sitenote_category":0,"footnotes":""},"categories":[1],"tags":[],"_links":{"self":[{"href":"https:\/\/nazarenonews.com.br\/index.php\/wp-json\/wp\/v2\/posts\/7138"}],"collection":[{"href":"https:\/\/nazarenonews.com.br\/index.php\/wp-json\/wp\/v2\/posts"}],"about":[{"href":"https:\/\/nazarenonews.com.br\/index.php\/wp-json\/wp\/v2\/types\/post"}],"author":[{"embeddable":true,"href":"https:\/\/nazarenonews.com.br\/index.php\/wp-json\/wp\/v2\/users\/2"}],"replies":[{"embeddable":true,"href":"https:\/\/nazarenonews.com.br\/index.php\/wp-json\/wp\/v2\/comments?post=7138"}],"version-history":[{"count":1,"href":"https:\/\/nazarenonews.com.br\/index.php\/wp-json\/wp\/v2\/posts\/7138\/revisions"}],"predecessor-version":[{"id":7140,"href":"https:\/\/nazarenonews.com.br\/index.php\/wp-json\/wp\/v2\/posts\/7138\/revisions\/7140"}],"wp:featuredmedia":[{"embeddable":true,"href":"https:\/\/nazarenonews.com.br\/index.php\/wp-json\/wp\/v2\/media\/7139"}],"wp:attachment":[{"href":"https:\/\/nazarenonews.com.br\/index.php\/wp-json\/wp\/v2\/media?parent=7138"}],"wp:term":[{"taxonomy":"category","embeddable":true,"href":"https:\/\/nazarenonews.com.br\/index.php\/wp-json\/wp\/v2\/categories?post=7138"},{"taxonomy":"post_tag","embeddable":true,"href":"https:\/\/nazarenonews.com.br\/index.php\/wp-json\/wp\/v2\/tags?post=7138"}],"curies":[{"name":"wp","href":"https:\/\/api.w.org\/{rel}","templated":true}]}}