{"id":7088,"date":"2025-01-07T17:13:51","date_gmt":"2025-01-07T21:13:51","guid":{"rendered":"https:\/\/nazarenonews.com.br\/?p=7088"},"modified":"2025-01-07T19:59:26","modified_gmt":"2025-01-07T23:59:26","slug":"postos-de-saude-voltam-a-atender-sem-agendamento-previo-em-cuiaba","status":"publish","type":"post","link":"https:\/\/nazarenonews.com.br\/index.php\/2025\/01\/07\/postos-de-saude-voltam-a-atender-sem-agendamento-previo-em-cuiaba\/","title":{"rendered":"Postos de sa\u00fade voltam a atender sem agendamento pr\u00e9vio em Cuiab\u00e1"},"content":{"rendered":"\n<p>A Prefeitura de&nbsp;<a class=\"\" href=\"https:\/\/g1.globo.com\/mt\/mato-grosso\/cidade\/cuiaba\/\">Cuiab\u00e1<\/a>&nbsp;anunciou, nesta ter\u00e7a-feira (7), que os&nbsp;<strong>postos de sa\u00fade voltaram a atender sem agendamento pr\u00e9vio<\/strong>&nbsp;para quase todas as especialidades. Segundo a Secretaria Municipal de Sa\u00fade, a nova portaria valer\u00e1 para consultas com m\u00e9dicos, enfermeiros e dentistas que atuam no SUS (Sistema \u00danico de Sa\u00fade).<\/p>\n\n\n\n<p>Com a nova medida, agora os pacientes ser\u00e3o atendidos por ordem de chegada.<\/p>\n\n\n\n<p>De acordo com a secretaria, o objetivo \u00e9 garantir agilidade na aten\u00e7\u00e3o prim\u00e1ria para que as Unidades de Pronto Atendimento (UPAs) sejam dispensadas por \u201cmotivos m\u00ednimos\u201d.<\/p>\n\n\n\n<p>Para ser atendida, a popula\u00e7\u00e3o dever\u00e1 realizar uma triagem, semelhante \u00e0 realizada nas UPAs. Segundo a prefeitura, ap\u00f3s a triagem, o paciente deve ser avaliado pelo m\u00e9dico, receber o tratamento e, caso o tratamento n\u00e3o seja poss\u00edvel, receber o devido encaminhamento.<\/p>\n\n\n\n<p>Essa portaria j\u00e1 havia sido adotada em 2022, como uma&nbsp;<a class=\"\" href=\"https:\/\/g1.globo.com\/mt\/mato-grosso\/noticia\/2022\/11\/03\/unidades-de-saude-de-cuiaba-passam-a-atender-sem-agendamento-previo.ghtml\">medida tempor\u00e1ria e emergencial devido \u00e0 falta de m\u00e9dicos<\/a>&nbsp;na rede p\u00fablica do munic\u00edpio.<\/p>\n\n\n\n<p>A prefeitura ainda n\u00e3o informou se, desta vez, a portaria ser\u00e1 uma medida tempor\u00e1ria ou permanente.<\/p>\n\n\n\n<p>g1-MT<\/p>\n","protected":false},"excerpt":{"rendered":"<p>A Prefeitura de&nbsp;Cuiab\u00e1&nbsp;anunciou, nesta ter\u00e7a-feira (7), que os&nbsp;postos de sa\u00fade voltaram a atender sem agendamento pr\u00e9vio&nbsp;para quase todas as especialidades. Segundo a Secretaria Municipal de Sa\u00fade, a nova portaria valer\u00e1 para consultas com m\u00e9dicos, enfermeiros e dentistas que atuam no SUS (Sistema \u00danico de Sa\u00fade). Com a nova medida, agora os pacientes ser\u00e3o atendidos por [&hellip;]<\/p>\n","protected":false},"author":2,"featured_media":7097,"comment_status":"closed","ping_status":"closed","sticky":false,"template":"","format":"standard","meta":{"_monsterinsights_skip_tracking":false,"_monsterinsights_sitenote_active":false,"_monsterinsights_sitenote_note":"","_monsterinsights_sitenote_category":0,"footnotes":""},"categories":[36,1],"tags":[],"_links":{"self":[{"href":"https:\/\/nazarenonews.com.br\/index.php\/wp-json\/wp\/v2\/posts\/7088"}],"collection":[{"href":"https:\/\/nazarenonews.com.br\/index.php\/wp-json\/wp\/v2\/posts"}],"about":[{"href":"https:\/\/nazarenonews.com.br\/index.php\/wp-json\/wp\/v2\/types\/post"}],"author":[{"embeddable":true,"href":"https:\/\/nazarenonews.com.br\/index.php\/wp-json\/wp\/v2\/users\/2"}],"replies":[{"embeddable":true,"href":"https:\/\/nazarenonews.com.br\/index.php\/wp-json\/wp\/v2\/comments?post=7088"}],"version-history":[{"count":1,"href":"https:\/\/nazarenonews.com.br\/index.php\/wp-json\/wp\/v2\/posts\/7088\/revisions"}],"predecessor-version":[{"id":7090,"href":"https:\/\/nazarenonews.com.br\/index.php\/wp-json\/wp\/v2\/posts\/7088\/revisions\/7090"}],"wp:featuredmedia":[{"embeddable":true,"href":"https:\/\/nazarenonews.com.br\/index.php\/wp-json\/wp\/v2\/media\/7097"}],"wp:attachment":[{"href":"https:\/\/nazarenonews.com.br\/index.php\/wp-json\/wp\/v2\/media?parent=7088"}],"wp:term":[{"taxonomy":"category","embeddable":true,"href":"https:\/\/nazarenonews.com.br\/index.php\/wp-json\/wp\/v2\/categories?post=7088"},{"taxonomy":"post_tag","embeddable":true,"href":"https:\/\/nazarenonews.com.br\/index.php\/wp-json\/wp\/v2\/tags?post=7088"}],"curies":[{"name":"wp","href":"https:\/\/api.w.org\/{rel}","templated":true}]}}