{"id":7084,"date":"2025-01-07T10:35:51","date_gmt":"2025-01-07T14:35:51","guid":{"rendered":"https:\/\/nazarenonews.com.br\/?p=7084"},"modified":"2025-01-07T12:00:26","modified_gmt":"2025-01-07T16:00:26","slug":"apos-restauro-relogio-historico-vandalizado-em-ato-golpista-retorna-ao-planalto","status":"publish","type":"post","link":"https:\/\/nazarenonews.com.br\/index.php\/2025\/01\/07\/apos-restauro-relogio-historico-vandalizado-em-ato-golpista-retorna-ao-planalto\/","title":{"rendered":"Ap\u00f3s restauro, rel\u00f3gio hist\u00f3rico vandalizado em 8 de janeiro retorna ao Planalto"},"content":{"rendered":"\n<p>O rel\u00f3gio hist\u00f3rico vandalizado h\u00e1 dois anos, durante os atos  de 8 de janeiro de 2023, foi devolvido ao Pal\u00e1cio do Planalto nesta ter\u00e7a-feira (7).<\/p>\n\n\n\n<p>Ap\u00f3s um processo de restauro em parceria com o governo da Su\u00ed\u00e7a, a pe\u00e7a rara foi transportada por para o pal\u00e1cio, e ser\u00e1 oficialmente reintegrada ao acervo da Presid\u00eancia nesta quarta-feira (8) durante os atos que marcam os dois anos da invas\u00e3o das sedes dos Tr\u00eas Poderes.<\/p>\n\n\n\n<p>O rel\u00f3gio de Balthazar Martinot, uma pe\u00e7a de p\u00eandulo do s\u00e9culo XVII, foi destru\u00edda por Ant\u00f4nio Cl\u00e1udio Alves Ferreira, um dos extremistas que invadiu o Planalto \u2014 ele foi condenado a 17 anos de pris\u00e3o.<\/p>\n\n\n\n<p>A pe\u00e7a foi um presente da Corte Francesa para Dom Jo\u00e3o VI e veio com a fam\u00edlia real portuguesa para o Brasil. Martinot era o relojoeiro do rei franc\u00eas Lu\u00eds XIV. Segundo o governo brasileiro, restaram apenas dois rel\u00f3gios do artista, um exposto no Pal\u00e1cio de Versailles, na Fran\u00e7a.<\/p>\n\n\n\n<p>O rel\u00f3gio \u00e9 feito de casco de tartaruga e com um bronze que n\u00e3o \u00e9 fabricado h\u00e1 dezenas de anos. A pe\u00e7a foi enviada \u00e0 Su\u00ed\u00e7a para ser recuperada e ser\u00e1 reintegrada ao acervo do governo brasileiro junto com outras danificadas por v\u00e2ndalos, a exemplo do quadro As Mulatas, do pintor Di Cavalcanti.<\/p>\n\n\n\n<h2 class=\"wp-block-heading\"><span style=\"font-family: inherit;font-size: inherit;font-style: inherit;font-weight: inherit;letter-spacing: var(--g-fnt-ls-290)\">As Mulatas, O Flautista e Krajcberg<\/span><\/h2>\n\n\n\n<p><span style=\"font-family: inherit;font-size: inherit;font-style: inherit;font-weight: inherit;letter-spacing: var(--g-fnt-ls-230)\">As obras de arte restauradas come\u00e7aram a ser levadas de volta ao Planalto na segunda-feira (6), entre as quais o quadro As Mulatas, a escultura em bronze O Flautista, de Bruno Giorgi, e a escultura de madeira Galhos e Sombras, de Frans Krajcberg.<\/span><\/p>\n\n\n\n<p><span style=\"font-family: inherit;font-size: inherit;font-style: inherit;font-weight: inherit;letter-spacing: var(--g-fnt-ls-230)\">O restauro dessas e outras pe\u00e7as foi realizado em um laborat\u00f3rio que o governo montou no Pal\u00e1cio da Alvorada em parceria com o Instituto do Patrim\u00f4nio Hist\u00f3rico e Art\u00edstico Nacional (Iphan), que assumiu os custos do trabalho realizado por uma equipe de dez restauradores da Universidade Federal de Pelotas (UFPel).<\/span><\/p>\n\n\n\n<p>Fonte: G1<\/p>\n","protected":false},"excerpt":{"rendered":"<p>O rel\u00f3gio hist\u00f3rico vandalizado h\u00e1 dois anos, durante os atos de 8 de janeiro de 2023, foi devolvido ao Pal\u00e1cio do Planalto nesta ter\u00e7a-feira (7). Ap\u00f3s um processo de restauro em parceria com o governo da Su\u00ed\u00e7a, a pe\u00e7a rara foi transportada por para o pal\u00e1cio, e ser\u00e1 oficialmente reintegrada ao acervo da Presid\u00eancia nesta [&hellip;]<\/p>\n","protected":false},"author":2,"featured_media":7085,"comment_status":"closed","ping_status":"closed","sticky":false,"template":"","format":"standard","meta":{"_monsterinsights_skip_tracking":false,"_monsterinsights_sitenote_active":false,"_monsterinsights_sitenote_note":"","_monsterinsights_sitenote_category":0,"footnotes":""},"categories":[1],"tags":[],"_links":{"self":[{"href":"https:\/\/nazarenonews.com.br\/index.php\/wp-json\/wp\/v2\/posts\/7084"}],"collection":[{"href":"https:\/\/nazarenonews.com.br\/index.php\/wp-json\/wp\/v2\/posts"}],"about":[{"href":"https:\/\/nazarenonews.com.br\/index.php\/wp-json\/wp\/v2\/types\/post"}],"author":[{"embeddable":true,"href":"https:\/\/nazarenonews.com.br\/index.php\/wp-json\/wp\/v2\/users\/2"}],"replies":[{"embeddable":true,"href":"https:\/\/nazarenonews.com.br\/index.php\/wp-json\/wp\/v2\/comments?post=7084"}],"version-history":[{"count":2,"href":"https:\/\/nazarenonews.com.br\/index.php\/wp-json\/wp\/v2\/posts\/7084\/revisions"}],"predecessor-version":[{"id":7087,"href":"https:\/\/nazarenonews.com.br\/index.php\/wp-json\/wp\/v2\/posts\/7084\/revisions\/7087"}],"wp:featuredmedia":[{"embeddable":true,"href":"https:\/\/nazarenonews.com.br\/index.php\/wp-json\/wp\/v2\/media\/7085"}],"wp:attachment":[{"href":"https:\/\/nazarenonews.com.br\/index.php\/wp-json\/wp\/v2\/media?parent=7084"}],"wp:term":[{"taxonomy":"category","embeddable":true,"href":"https:\/\/nazarenonews.com.br\/index.php\/wp-json\/wp\/v2\/categories?post=7084"},{"taxonomy":"post_tag","embeddable":true,"href":"https:\/\/nazarenonews.com.br\/index.php\/wp-json\/wp\/v2\/tags?post=7084"}],"curies":[{"name":"wp","href":"https:\/\/api.w.org\/{rel}","templated":true}]}}